{"id":1003,"date":"2009-06-30T20:58:00","date_gmt":"2009-06-30T23:58:00","guid":{"rendered":"http:\/\/fmtinkunaco.redelivre.org.br\/suspendieron-las-clases-en-jose-c-paz-san-miguel-y-malvinas-argentinas\/"},"modified":"2009-06-30T20:58:00","modified_gmt":"2009-06-30T23:58:00","slug":"suspendieron-las-clases-en-jose-c-paz-san-miguel-y-malvinas-argentinas","status":"publish","type":"post","link":"https:\/\/fmtinkunaco.ar\/?p=1003","title":{"rendered":"Suspendieron las clases en Jos\u00e9 C Paz, San Miguel y Malvinas Argentinas"},"content":{"rendered":"<p>Esta ma\u00f1ana se produjo una asamblea de m\u00e1s de 500 docentes en el sindicato de SUTEBA de General Sarmiento que finalizo con la firma de un acta en el que los y las docentes acordaban No continuar con el dictado de clases a partir de ma\u00f1ana.<\/p>\n<p>La asamblea docente comenz\u00f3 pasadas las 9 de la ma\u00f1ana y dur\u00f3 poco m\u00e1s de dos horas.<\/p>\n<p>Los maestros y maestras que participaron de la asamblea contaron los casos que \u201cno llegan a los medios\u201d y la preocupaci\u00f3n sus los alumnos de Jos\u00e9 C Paz, San Miguel y Malvinas Argentinas.<\/p>\n<p>Despu\u00e9s de la asamblea los docentes se movilizaron hasta la sede de la jefatura regional 9 para exigir que se declare la emergencia sanitaria y se suspendan las clases en los 3 distritos.<\/p>\n<p>Malvinas Argentinas fue el municipio que primero accedi\u00f3 alrededor de las 15 horas. Casi una hora despu\u00e9s se conoc\u00eda la noticia de que tambi\u00e9n San Miguel se sumaba a la emergencia sanitaria y que no habr\u00eda clases en ese distrito.<\/p>\n<p>A las 17 horas realizamos una comunicaci\u00f3n telef\u00f3nica con Silvina docente de la regi\u00f3n que nos contaba  lo que estaba sucediendo en la jefatura regional 9.<\/p>\n<p>AUDIO<\/p>\n<p>Para descargar esta entrevista <a href=\"http:\/\/www.archive.org\/download\/ComunicacinTelefnica-SilvinaDocente\/Silvina-Docente.mp3\">click aca<\/a><\/p>\n<p>El m\u00e1s duro en acceder fue Jos\u00e9 C Paz. Los docentes ante el correr de las horas tomaron la jefatura para que en ese distrito tambi\u00e9n se declare la emergencia sanitaria con la suspensi\u00f3n de clases, cosa que finalmente lograron cerca las 19 horas.<\/p>\n<p>Compartimos el dialogo de Radio Tinkunaco con Julio Arditi Secretario General de SUTEBA de General Sarmiento.<\/p>\n<p>AUDIO<\/p>\n<p>Para descargar esta entrevista <a href=\"http:\/\/www.archive.org\/download\/EntrevistaAJulioArditi-GripeA\/Arditi-Suteba.mp3\">click aca<\/a><\/p>\n<p>Despu\u00e9s de una larga jornada de lucha en la sede de la jefatura de regi\u00f3n 9 lograron que los intendentes de los 3 distritos que compon\u00edan Gral. Sarmiento firmaran la suspensi\u00f3n de las clases como medida preventiva ante los casos existentes de influenza A, que seg\u00fan comentan los docentes \u201cdesde luego son m\u00e1s de los que reconoce el gobierno\u201d.<\/p>\n<p>Por ultimo los docentes que participaron de esta jornada de lucha nos contaron que \u201cLos acuerdos obtenidos hoy son fruto de la participaci\u00f3n espont\u00e1nea de los docentes enmarcados en una gesti\u00f3n gremial que promueve la lucha y participaci\u00f3n de las bases\u201d.<\/p>\n<p>Ma\u00f1ana mi\u00e9rcoles 1 de julio los y las docentes estar\u00e1n en las escuelas explicando a los papas acerca de las medidas preventivas.<\/p>\n<p> <a href=\"http:\/\/1.bp.blogspot.com\/_aUP2AqqX_a8\/Skqn-V_znbI\/AAAAAAAABMc\/jv9LLcYsPGo\/s1600-h\/actagripe.jpg\"><img decoding=\"async\" style=\"margin: 0px auto 10px;text-align: center;cursor: pointer;width: 400px;height: 384px\" src=\"http:\/\/1.bp.blogspot.com\/_aUP2AqqX_a8\/Skqn-V_znbI\/AAAAAAAABMc\/jv9LLcYsPGo\/s400\/actagripe.jpg\" alt=\"\" id=\"BLOGGER_PHOTO_ID_5353275796581752242\" border=\"0\" \/><\/a><\/p>\n","protected":false},"excerpt":{"rendered":"<p>Esta ma\u00f1ana se produjo una asamblea de m\u00e1s de 500 docentes en el sindicato de SUTEBA de General Sarmiento que finalizo con la firma de un acta en el que los y las docentes acordaban No continuar con el dictado de clases a partir de ma\u00f1ana. La asamblea docente comenz\u00f3 pasadas las 9 de la [&hellip;]<\/p>\n","protected":false},"author":1,"featured_media":0,"comment_status":"open","ping_status":"open","sticky":false,"template":"","format":"standard","meta":{"footnotes":""},"categories":[8],"tags":[],"class_list":["post-1003","post","type-post","status-publish","format-standard","hentry","category-sem-categoria"],"_links":{"self":[{"href":"https:\/\/fmtinkunaco.ar\/index.php?rest_route=\/wp\/v2\/posts\/1003","targetHints":{"allow":["GET"]}}],"collection":[{"href":"https:\/\/fmtinkunaco.ar\/index.php?rest_route=\/wp\/v2\/posts"}],"about":[{"href":"https:\/\/fmtinkunaco.ar\/index.php?rest_route=\/wp\/v2\/types\/post"}],"author":[{"embeddable":true,"href":"https:\/\/fmtinkunaco.ar\/index.php?rest_route=\/wp\/v2\/users\/1"}],"replies":[{"embeddable":true,"href":"https:\/\/fmtinkunaco.ar\/index.php?rest_route=%2Fwp%2Fv2%2Fcomments&post=1003"}],"version-history":[{"count":0,"href":"https:\/\/fmtinkunaco.ar\/index.php?rest_route=\/wp\/v2\/posts\/1003\/revisions"}],"wp:attachment":[{"href":"https:\/\/fmtinkunaco.ar\/index.php?rest_route=%2Fwp%2Fv2%2Fmedia&parent=1003"}],"wp:term":[{"taxonomy":"category","embeddable":true,"href":"https:\/\/fmtinkunaco.ar\/index.php?rest_route=%2Fwp%2Fv2%2Fcategories&post=1003"},{"taxonomy":"post_tag","embeddable":true,"href":"https:\/\/fmtinkunaco.ar\/index.php?rest_route=%2Fwp%2Fv2%2Ftags&post=1003"}],"curies":[{"name":"wp","href":"https:\/\/api.w.org\/{rel}","templated":true}]}}