{"id":1014,"date":"2009-06-22T10:38:00","date_gmt":"2009-06-22T13:38:00","guid":{"rendered":"http:\/\/fmtinkunaco.redelivre.org.br\/grabacion-en-el-centro-cultural\/"},"modified":"2009-06-22T10:38:00","modified_gmt":"2009-06-22T13:38:00","slug":"grabacion-en-el-centro-cultural","status":"publish","type":"post","link":"https:\/\/fmtinkunaco.ar\/?p=1014","title":{"rendered":"Grabaci\u00f3n en el Centro Cultural"},"content":{"rendered":"<p>El pasado s\u00e1bado 20 de junio de 2009 realizamos una jornada de grabaci\u00f3n junto a los ni\u00f1os y ni\u00f1as que participan del taller de radio que se realiza en el centro de salud del barrio Pinazo de Del Viso, partido de Pilar.<\/p>\n<p><a href=\"http:\/\/3.bp.blogspot.com\/_aUP2AqqX_a8\/Sj-Yztoni2I\/AAAAAAAABLk\/s7_qpJyhCFg\/s1600-h\/Encuentro+Pinazo+011.jpg\"><img decoding=\"async\" style=\"margin: 0px auto 10px;text-align: center;cursor: pointer;width: 400px;height: 299px\" src=\"http:\/\/3.bp.blogspot.com\/_aUP2AqqX_a8\/Sj-Yztoni2I\/AAAAAAAABLk\/s7_qpJyhCFg\/s400\/Encuentro+Pinazo+011.jpg\" alt=\"\" id=\"BLOGGER_PHOTO_ID_5350162896530148194\" border=\"0\" \/><\/a><br \/>Trabajadoras y psic\u00f3logas sociales, enfermeras, coordinadoras de grupos de mujeres, comunicadoras sociales y el equipo de Radio Tinkunaco vivimos una jornada completa en el Centro de las artes de la Universidad nacional de General Sarmiento.<\/p>\n<p><a href=\"http:\/\/2.bp.blogspot.com\/_aUP2AqqX_a8\/Sj-W2JQ4m7I\/AAAAAAAABLc\/Z9GsjBM7JKI\/s1600-h\/Encuentro+Pinazo+056.jpg\"><img decoding=\"async\" style=\"margin: 0px auto 10px;text-align: center;cursor: pointer;width: 400px;height: 299px\" src=\"http:\/\/2.bp.blogspot.com\/_aUP2AqqX_a8\/Sj-W2JQ4m7I\/AAAAAAAABLc\/Z9GsjBM7JKI\/s400\/Encuentro+Pinazo+056.jpg\" alt=\"\" id=\"BLOGGER_PHOTO_ID_5350160739283278770\" border=\"0\" \/><\/a><br \/>Por la ma\u00f1ana (y despu\u00e9s de desayunar) practicamos y grabamos una serie de spots elaborados por los ni\u00f1os, las ni\u00f1as y los adolescentes en los sucesivos talleres que se vienen realizando en el centro de salud de Pinazo, y que forman parte del proyecto \u201cviolencia familiar y medios de comunicaci\u00f3n social\u201d. Los derechos de los ni\u00f1os y las ni\u00f1as, las enfermedades infecto-contagiosas, el medio ambiente fueron algunos de los temas sobre los que se charlo y se grabo en el estudio de grabaci\u00f3n de AMBA (agencia multimedia barrial).<\/p>\n<p><a href=\"http:\/\/1.bp.blogspot.com\/_aUP2AqqX_a8\/Sj-VMaEOvKI\/AAAAAAAABLU\/YcxCNhw7-gM\/s1600-h\/Encuentro+Pinazo+007.jpg\"><img decoding=\"async\" style=\"margin: 0px auto 10px;text-align: center;cursor: pointer;width: 400px;height: 299px\" src=\"http:\/\/1.bp.blogspot.com\/_aUP2AqqX_a8\/Sj-VMaEOvKI\/AAAAAAAABLU\/YcxCNhw7-gM\/s400\/Encuentro+Pinazo+007.jpg\" alt=\"\" id=\"BLOGGER_PHOTO_ID_5350158922727472290\" border=\"0\" \/><\/a><br \/>Estos Spots se podr\u00e1n escuchar en breve despu\u00e9s de pasar por la sala de edici\u00f3n.<\/p>\n<p><a href=\"http:\/\/2.bp.blogspot.com\/_aUP2AqqX_a8\/Sj-T24uB1cI\/AAAAAAAABLM\/rBvD_etehdQ\/s1600-h\/Encuentro+Pinazo+016.jpg\"><img decoding=\"async\" style=\"margin: 0px auto 10px;text-align: center;cursor: pointer;width: 400px;height: 299px\" src=\"http:\/\/2.bp.blogspot.com\/_aUP2AqqX_a8\/Sj-T24uB1cI\/AAAAAAAABLM\/rBvD_etehdQ\/s400\/Encuentro+Pinazo+016.jpg\" alt=\"\" id=\"BLOGGER_PHOTO_ID_5350157453487101378\" border=\"0\" \/><\/a><\/p>\n<p>Por la tarde (y despu\u00e9s del almuerzo) recorrimos el \u201cmuseo de ciencias, tecnolog\u00eda y sociedad Imaginario\u201d<a href=\"http:\/\/3.bp.blogspot.com\/_aUP2AqqX_a8\/Sj-NEjoDPUI\/AAAAAAAABLE\/y03f2HKUh44\/s1600-h\/Encuentro+Pinazo+045.jpg\"><img decoding=\"async\" style=\"margin: 0px auto 10px;text-align: center;cursor: pointer;width: 400px;height: 299px\" src=\"http:\/\/3.bp.blogspot.com\/_aUP2AqqX_a8\/Sj-NEjoDPUI\/AAAAAAAABLE\/y03f2HKUh44\/s400\/Encuentro+Pinazo+045.jpg\" alt=\"\" id=\"BLOGGER_PHOTO_ID_5350149991761657154\" border=\"0\" \/><\/a><\/p>\n<p>Fue una jornada hermosa que promete repetirse muy pronto.<\/p>\n<p><a href=\"http:\/\/3.bp.blogspot.com\/_aUP2AqqX_a8\/Sj-LxvkXJXI\/AAAAAAAABK8\/KoCY65wnHt8\/s1600-h\/Encuentro+Pinazo+002.jpg\"><img decoding=\"async\" style=\"margin: 0px auto 10px;text-align: center;cursor: pointer;width: 400px;height: 299px\" src=\"http:\/\/3.bp.blogspot.com\/_aUP2AqqX_a8\/Sj-LxvkXJXI\/AAAAAAAABK8\/KoCY65wnHt8\/s400\/Encuentro+Pinazo+002.jpg\" alt=\"\" id=\"BLOGGER_PHOTO_ID_5350148569038267762\" border=\"0\" \/><\/a><\/p>\n","protected":false},"excerpt":{"rendered":"<p>El pasado s\u00e1bado 20 de junio de 2009 realizamos una jornada de grabaci\u00f3n junto a los ni\u00f1os y ni\u00f1as que participan del taller de radio que se realiza en el centro de salud del barrio Pinazo de Del Viso, partido de Pilar. Trabajadoras y psic\u00f3logas sociales, enfermeras, coordinadoras de grupos de mujeres, comunicadoras sociales y [&hellip;]<\/p>\n","protected":false},"author":1,"featured_media":0,"comment_status":"open","ping_status":"open","sticky":false,"template":"","format":"standard","meta":{"footnotes":""},"categories":[8],"tags":[],"class_list":["post-1014","post","type-post","status-publish","format-standard","hentry","category-sem-categoria"],"_links":{"self":[{"href":"https:\/\/fmtinkunaco.ar\/index.php?rest_route=\/wp\/v2\/posts\/1014","targetHints":{"allow":["GET"]}}],"collection":[{"href":"https:\/\/fmtinkunaco.ar\/index.php?rest_route=\/wp\/v2\/posts"}],"about":[{"href":"https:\/\/fmtinkunaco.ar\/index.php?rest_route=\/wp\/v2\/types\/post"}],"author":[{"embeddable":true,"href":"https:\/\/fmtinkunaco.ar\/index.php?rest_route=\/wp\/v2\/users\/1"}],"replies":[{"embeddable":true,"href":"https:\/\/fmtinkunaco.ar\/index.php?rest_route=%2Fwp%2Fv2%2Fcomments&post=1014"}],"version-history":[{"count":0,"href":"https:\/\/fmtinkunaco.ar\/index.php?rest_route=\/wp\/v2\/posts\/1014\/revisions"}],"wp:attachment":[{"href":"https:\/\/fmtinkunaco.ar\/index.php?rest_route=%2Fwp%2Fv2%2Fmedia&parent=1014"}],"wp:term":[{"taxonomy":"category","embeddable":true,"href":"https:\/\/fmtinkunaco.ar\/index.php?rest_route=%2Fwp%2Fv2%2Fcategories&post=1014"},{"taxonomy":"post_tag","embeddable":true,"href":"https:\/\/fmtinkunaco.ar\/index.php?rest_route=%2Fwp%2Fv2%2Ftags&post=1014"}],"curies":[{"name":"wp","href":"https:\/\/api.w.org\/{rel}","templated":true}]}}