{"id":1133,"date":"2009-03-11T08:27:00","date_gmt":"2009-03-11T10:27:00","guid":{"rendered":"http:\/\/fmtinkunaco.redelivre.org.br\/mas-de-3000-inscriptos-en-la-escuela-de-oficios\/"},"modified":"2009-03-11T08:27:00","modified_gmt":"2009-03-11T10:27:00","slug":"mas-de-3000-inscriptos-en-la-escuela-de-oficios","status":"publish","type":"post","link":"https:\/\/fmtinkunaco.ar\/?p=1133","title":{"rendered":"M\u00e1s de 3000 inscriptos en la Escuela de oficios"},"content":{"rendered":"<p>Este lunes, en el inicio de Encuentro con las noticias, Alejandro Leguizamon dialog\u00f3 con Ana Maria Gomez directora de educaci\u00f3n de la escuela de oficios de barrio Vucetich de Jos\u00e9 C Paz.<\/p>\n<p>Pudimos saber que ya hay m\u00e1s de 3000 inscriptos y que las clases comezar\u00e1n en Abril.<\/p>\n<p>Tambi\u00e9n cuales son los talleres en los que todavia hay lugar.<\/p>\n<p><a href=\"http:\/\/1.bp.blogspot.com\/_aUP2AqqX_a8\/SbemcHYjLhI\/AAAAAAAABBU\/m59qWLA3wsM\/s1600-h\/100_0773.JPG\"><img decoding=\"async\" style=\"margin: 0px auto 10px;text-align: center;cursor: pointer;width: 400px;height: 300px\" src=\"http:\/\/1.bp.blogspot.com\/_aUP2AqqX_a8\/SbemcHYjLhI\/AAAAAAAABBU\/m59qWLA3wsM\/s400\/100_0773.JPG\" alt=\"\" id=\"BLOGGER_PHOTO_ID_5311897287455354386\" border=\"0\" \/><\/a><br \/><a href=\"http:\/\/4.bp.blogspot.com\/_aUP2AqqX_a8\/Sbelhdhp_hI\/AAAAAAAABBM\/H1ypCNboB1Y\/s1600-h\/100_0774.JPG\"><img decoding=\"async\" style=\"margin: 0px auto 10px;text-align: center;cursor: pointer;width: 400px;height: 300px\" src=\"http:\/\/4.bp.blogspot.com\/_aUP2AqqX_a8\/Sbelhdhp_hI\/AAAAAAAABBM\/H1ypCNboB1Y\/s400\/100_0774.JPG\" alt=\"\" id=\"BLOGGER_PHOTO_ID_5311896279786847762\" border=\"0\" \/><\/a><\/p>\n<p>Compartimos parte de esta entrevista<\/p>\n","protected":false},"excerpt":{"rendered":"<p>Este lunes, en el inicio de Encuentro con las noticias, Alejandro Leguizamon dialog\u00f3 con Ana Maria Gomez directora de educaci\u00f3n de la escuela de oficios de barrio Vucetich de Jos\u00e9 C Paz. Pudimos saber que ya hay m\u00e1s de 3000 inscriptos y que las clases comezar\u00e1n en Abril. Tambi\u00e9n cuales son los talleres en los [&hellip;]<\/p>\n","protected":false},"author":1,"featured_media":0,"comment_status":"open","ping_status":"open","sticky":false,"template":"","format":"standard","meta":{"footnotes":""},"categories":[8],"tags":[],"class_list":["post-1133","post","type-post","status-publish","format-standard","hentry","category-sem-categoria"],"_links":{"self":[{"href":"https:\/\/fmtinkunaco.ar\/index.php?rest_route=\/wp\/v2\/posts\/1133","targetHints":{"allow":["GET"]}}],"collection":[{"href":"https:\/\/fmtinkunaco.ar\/index.php?rest_route=\/wp\/v2\/posts"}],"about":[{"href":"https:\/\/fmtinkunaco.ar\/index.php?rest_route=\/wp\/v2\/types\/post"}],"author":[{"embeddable":true,"href":"https:\/\/fmtinkunaco.ar\/index.php?rest_route=\/wp\/v2\/users\/1"}],"replies":[{"embeddable":true,"href":"https:\/\/fmtinkunaco.ar\/index.php?rest_route=%2Fwp%2Fv2%2Fcomments&post=1133"}],"version-history":[{"count":0,"href":"https:\/\/fmtinkunaco.ar\/index.php?rest_route=\/wp\/v2\/posts\/1133\/revisions"}],"wp:attachment":[{"href":"https:\/\/fmtinkunaco.ar\/index.php?rest_route=%2Fwp%2Fv2%2Fmedia&parent=1133"}],"wp:term":[{"taxonomy":"category","embeddable":true,"href":"https:\/\/fmtinkunaco.ar\/index.php?rest_route=%2Fwp%2Fv2%2Fcategories&post=1133"},{"taxonomy":"post_tag","embeddable":true,"href":"https:\/\/fmtinkunaco.ar\/index.php?rest_route=%2Fwp%2Fv2%2Ftags&post=1133"}],"curies":[{"name":"wp","href":"https:\/\/api.w.org\/{rel}","templated":true}]}}