{"id":1135,"date":"2009-03-08T18:13:00","date_gmt":"2009-03-08T20:13:00","guid":{"rendered":"http:\/\/fmtinkunaco.redelivre.org.br\/vuelve-encuentro-con-las-noticias-2\/"},"modified":"2009-03-08T18:13:00","modified_gmt":"2009-03-08T20:13:00","slug":"vuelve-encuentro-con-las-noticias-2","status":"publish","type":"post","link":"https:\/\/fmtinkunaco.ar\/?p=1135","title":{"rendered":"Vuelve \u00abEncuentro con las Noticias\u00bb"},"content":{"rendered":"<p>A partir de las 9 de la ma\u00f1ana y hasta las 11 vuelve el noticiero de los barrios. <\/p>\n<p>Este a\u00f1o con m\u00f3viles en vivo que realizara <span> <\/span>Alejandro Leguizamon desde diferentes puntos de la regi\u00f3n.<\/p>\n<p>Nuevos segmentos, con avisos comunitarios, una ventana a Latinoam\u00e9rica y los boletines de FARCO (foro argentino de radios comunitarios) y ALER (asociaci\u00f3n latinoamericana de educaci\u00f3n radiof\u00f3nica)<\/p>\n<\/p>\n<p>Adem\u00e1s tambi\u00e9n este lunes comienza el servicio informativo de Radio Tinkunaco. <\/p>\n<p>Diez boletines diarios de lunes a viernes, a las 8, a las 12, 13, 14, 15, 16, 17, 18, 19, y a las 20 y la producci\u00f3n de \u201cEncuentro con las noticias\u201d.<\/p>\n<\/p>\n<p>Los boletines de 2 minutos de duraci\u00f3n contendr\u00e1n la informaci\u00f3n de la regi\u00f3n: organizaciones sociales, centros culturales, reclamos, denuncias, etc. Servicios y campa\u00f1as.<\/p>\n<p>Y la informaci\u00f3n nacional e internacional producida por las agencias alternativas.<\/p>\n<p>Para acercarnos informaci\u00f3n te podes comunicar al 15-6690-5002 o a fmtinkunaco@yahoo.com.ar<\/p>\n<p><\/p>\n","protected":false},"excerpt":{"rendered":"<p>A partir de las 9 de la ma\u00f1ana y hasta las 11 vuelve el noticiero de los barrios. Este a\u00f1o con m\u00f3viles en vivo que realizara Alejandro Leguizamon desde diferentes puntos de la regi\u00f3n. Nuevos segmentos, con avisos comunitarios, una ventana a Latinoam\u00e9rica y los boletines de FARCO (foro argentino de radios comunitarios) y ALER [&hellip;]<\/p>\n","protected":false},"author":1,"featured_media":0,"comment_status":"open","ping_status":"open","sticky":false,"template":"","format":"standard","meta":{"footnotes":""},"categories":[8],"tags":[],"class_list":["post-1135","post","type-post","status-publish","format-standard","hentry","category-sem-categoria"],"_links":{"self":[{"href":"https:\/\/fmtinkunaco.ar\/index.php?rest_route=\/wp\/v2\/posts\/1135","targetHints":{"allow":["GET"]}}],"collection":[{"href":"https:\/\/fmtinkunaco.ar\/index.php?rest_route=\/wp\/v2\/posts"}],"about":[{"href":"https:\/\/fmtinkunaco.ar\/index.php?rest_route=\/wp\/v2\/types\/post"}],"author":[{"embeddable":true,"href":"https:\/\/fmtinkunaco.ar\/index.php?rest_route=\/wp\/v2\/users\/1"}],"replies":[{"embeddable":true,"href":"https:\/\/fmtinkunaco.ar\/index.php?rest_route=%2Fwp%2Fv2%2Fcomments&post=1135"}],"version-history":[{"count":0,"href":"https:\/\/fmtinkunaco.ar\/index.php?rest_route=\/wp\/v2\/posts\/1135\/revisions"}],"wp:attachment":[{"href":"https:\/\/fmtinkunaco.ar\/index.php?rest_route=%2Fwp%2Fv2%2Fmedia&parent=1135"}],"wp:term":[{"taxonomy":"category","embeddable":true,"href":"https:\/\/fmtinkunaco.ar\/index.php?rest_route=%2Fwp%2Fv2%2Fcategories&post=1135"},{"taxonomy":"post_tag","embeddable":true,"href":"https:\/\/fmtinkunaco.ar\/index.php?rest_route=%2Fwp%2Fv2%2Ftags&post=1135"}],"curies":[{"name":"wp","href":"https:\/\/api.w.org\/{rel}","templated":true}]}}