{"id":1139,"date":"2009-03-04T22:03:00","date_gmt":"2009-03-05T00:03:00","guid":{"rendered":"http:\/\/fmtinkunaco.redelivre.org.br\/reclamo-de-los-trabajadores-del-hospital-larcade\/"},"modified":"2009-03-04T22:03:00","modified_gmt":"2009-03-05T00:03:00","slug":"reclamo-de-los-trabajadores-del-hospital-larcade","status":"publish","type":"post","link":"https:\/\/fmtinkunaco.ar\/?p=1139","title":{"rendered":"Reclamo de los trabajadores del Hospital Larcade"},"content":{"rendered":"<p>Este a\u00f1o comenz\u00f3 para los trabajadores del hospital p\u00fablico de San Miguel con recortes de sus horarios y de las horas extras y (como en los \u00faltimos 5 a\u00f1os) con promesas incumplidas.<br \/><a href=\"http:\/\/4.bp.blogspot.com\/_aUP2AqqX_a8\/SbB-AU8kUsI\/AAAAAAAAA9k\/04evl1qrpYo\/s1600-h\/PB200009.JPG\"><img decoding=\"async\" style=\"margin: 0px auto 10px;text-align: center;cursor: pointer;width: 300px;height: 400px\" src=\"http:\/\/4.bp.blogspot.com\/_aUP2AqqX_a8\/SbB-AU8kUsI\/AAAAAAAAA9k\/04evl1qrpYo\/s400\/PB200009.JPG\" alt=\"\" id=\"BLOGGER_PHOTO_ID_5309882504757662402\" border=\"0\" \/><\/a><br \/>Se realizaron varias asambleas y hasta reuniones con el ejecutivo municipal, pero hasta el momento las soluciones no aparecen.<\/p>\n<p>Desde Radio Tinkunaco dialogamos con varios de los profesionales del Hospital, Ana Migliorini (presidenta de APUHL), y con Leonardo Sandoval (delegado gremial)<\/p>\n<p><\/p>\n","protected":false},"excerpt":{"rendered":"<p>Este a\u00f1o comenz\u00f3 para los trabajadores del hospital p\u00fablico de San Miguel con recortes de sus horarios y de las horas extras y (como en los \u00faltimos 5 a\u00f1os) con promesas incumplidas.Se realizaron varias asambleas y hasta reuniones con el ejecutivo municipal, pero hasta el momento las soluciones no aparecen. Desde Radio Tinkunaco dialogamos con [&hellip;]<\/p>\n","protected":false},"author":1,"featured_media":0,"comment_status":"open","ping_status":"open","sticky":false,"template":"","format":"standard","meta":{"footnotes":""},"categories":[8],"tags":[],"class_list":["post-1139","post","type-post","status-publish","format-standard","hentry","category-sem-categoria"],"_links":{"self":[{"href":"https:\/\/fmtinkunaco.ar\/index.php?rest_route=\/wp\/v2\/posts\/1139","targetHints":{"allow":["GET"]}}],"collection":[{"href":"https:\/\/fmtinkunaco.ar\/index.php?rest_route=\/wp\/v2\/posts"}],"about":[{"href":"https:\/\/fmtinkunaco.ar\/index.php?rest_route=\/wp\/v2\/types\/post"}],"author":[{"embeddable":true,"href":"https:\/\/fmtinkunaco.ar\/index.php?rest_route=\/wp\/v2\/users\/1"}],"replies":[{"embeddable":true,"href":"https:\/\/fmtinkunaco.ar\/index.php?rest_route=%2Fwp%2Fv2%2Fcomments&post=1139"}],"version-history":[{"count":0,"href":"https:\/\/fmtinkunaco.ar\/index.php?rest_route=\/wp\/v2\/posts\/1139\/revisions"}],"wp:attachment":[{"href":"https:\/\/fmtinkunaco.ar\/index.php?rest_route=%2Fwp%2Fv2%2Fmedia&parent=1139"}],"wp:term":[{"taxonomy":"category","embeddable":true,"href":"https:\/\/fmtinkunaco.ar\/index.php?rest_route=%2Fwp%2Fv2%2Fcategories&post=1139"},{"taxonomy":"post_tag","embeddable":true,"href":"https:\/\/fmtinkunaco.ar\/index.php?rest_route=%2Fwp%2Fv2%2Ftags&post=1139"}],"curies":[{"name":"wp","href":"https:\/\/api.w.org\/{rel}","templated":true}]}}