{"id":1144,"date":"2009-02-20T21:05:00","date_gmt":"2009-02-20T23:05:00","guid":{"rendered":"http:\/\/fmtinkunaco.redelivre.org.br\/festejo-suspendido\/"},"modified":"2009-02-20T21:05:00","modified_gmt":"2009-02-20T23:05:00","slug":"festejo-suspendido","status":"publish","type":"post","link":"https:\/\/fmtinkunaco.ar\/?p=1144","title":{"rendered":"Festejo suspendido"},"content":{"rendered":"<p>El Festival por los 6 a\u00f1os de \u00abLa cueva Rock and Roll\u00bb que estaba previsto para ma\u00f1ana fue suspendido esta tarde. El chaparron que cayo lleno de barro el patio del Centro Comunitario Bel\u00e9n.<\/p>\n<p>La nueva fecha para el festejo es el sabado 14 de Marzo. Habra que esperar para la presentaci\u00f3n de la banda de Macarena.<\/p>\n","protected":false},"excerpt":{"rendered":"<p>El Festival por los 6 a\u00f1os de \u00abLa cueva Rock and Roll\u00bb que estaba previsto para ma\u00f1ana fue suspendido esta tarde. El chaparron que cayo lleno de barro el patio del Centro Comunitario Bel\u00e9n. La nueva fecha para el festejo es el sabado 14 de Marzo. Habra que esperar para la presentaci\u00f3n de la banda [&hellip;]<\/p>\n","protected":false},"author":1,"featured_media":0,"comment_status":"open","ping_status":"open","sticky":false,"template":"","format":"standard","meta":{"footnotes":""},"categories":[8],"tags":[],"class_list":["post-1144","post","type-post","status-publish","format-standard","hentry","category-sem-categoria"],"_links":{"self":[{"href":"https:\/\/fmtinkunaco.ar\/index.php?rest_route=\/wp\/v2\/posts\/1144","targetHints":{"allow":["GET"]}}],"collection":[{"href":"https:\/\/fmtinkunaco.ar\/index.php?rest_route=\/wp\/v2\/posts"}],"about":[{"href":"https:\/\/fmtinkunaco.ar\/index.php?rest_route=\/wp\/v2\/types\/post"}],"author":[{"embeddable":true,"href":"https:\/\/fmtinkunaco.ar\/index.php?rest_route=\/wp\/v2\/users\/1"}],"replies":[{"embeddable":true,"href":"https:\/\/fmtinkunaco.ar\/index.php?rest_route=%2Fwp%2Fv2%2Fcomments&post=1144"}],"version-history":[{"count":0,"href":"https:\/\/fmtinkunaco.ar\/index.php?rest_route=\/wp\/v2\/posts\/1144\/revisions"}],"wp:attachment":[{"href":"https:\/\/fmtinkunaco.ar\/index.php?rest_route=%2Fwp%2Fv2%2Fmedia&parent=1144"}],"wp:term":[{"taxonomy":"category","embeddable":true,"href":"https:\/\/fmtinkunaco.ar\/index.php?rest_route=%2Fwp%2Fv2%2Fcategories&post=1144"},{"taxonomy":"post_tag","embeddable":true,"href":"https:\/\/fmtinkunaco.ar\/index.php?rest_route=%2Fwp%2Fv2%2Ftags&post=1144"}],"curies":[{"name":"wp","href":"https:\/\/api.w.org\/{rel}","templated":true}]}}