{"id":1146,"date":"2009-02-08T20:16:00","date_gmt":"2009-02-08T22:16:00","guid":{"rendered":"http:\/\/fmtinkunaco.redelivre.org.br\/que-pasa-con-los-jardines\/"},"modified":"2009-02-08T20:16:00","modified_gmt":"2009-02-08T22:16:00","slug":"que-pasa-con-los-jardines","status":"publish","type":"post","link":"https:\/\/fmtinkunaco.ar\/?p=1146","title":{"rendered":"\u00bfQue pasa con los jardines?"},"content":{"rendered":"<p>Todav\u00eda no comienzan las clases y ya se empieza a hablar de la falta de infraestructura para el nivel inicial de educaci\u00f3n.<\/p>\n<p>Algunas familias pace\u00f1as optan por la educaci\u00f3n privada, pero en este caso el dinero parece no ser una soluci\u00f3n ya que los establecimientos existentes no dan abasto con la demanda que existe.<br \/>Como sucedi\u00f3 en Octubre pasado, en algunas semanas, cuando inicie el a\u00f1o lectivo el comentario ser\u00e1 la escasez de vacantes y las colas e incluso los acampes que se realizan frente a los establecimientos p\u00fablicos y privados del nivel inicial para conseguir un lugar.<\/p>\n<p>Como si esta realidad no fuera urgente algunas obras que podr\u00edan incrementar las vacantes est\u00e1n paradas.<\/p>\n<p>Es el caso del jard\u00edn de infantes del barrio San Atilio, el cual se encuentra sin terminar pero tambi\u00e9n hace tiempo que no se ve movimiento de obreros ni materiales.<a href=\"http:\/\/3.bp.blogspot.com\/_aUP2AqqX_a8\/SY9viGZll1I\/AAAAAAAAA70\/RF-6uYPhSZc\/s1600-h\/DSC00488.JPG\"><img decoding=\"async\" style=\"margin: 0px auto 10px;text-align: center;cursor: pointer;width: 400px;height: 300px\" src=\"http:\/\/3.bp.blogspot.com\/_aUP2AqqX_a8\/SY9viGZll1I\/AAAAAAAAA70\/RF-6uYPhSZc\/s400\/DSC00488.JPG\" alt=\"\" id=\"BLOGGER_PHOTO_ID_5300577918062532434\" border=\"0\" \/><\/a><br \/><a href=\"http:\/\/2.bp.blogspot.com\/_aUP2AqqX_a8\/SY9vMPvkyEI\/AAAAAAAAA7s\/LGEX6M9-iwU\/s1600-h\/DSC00486.JPG\"><img decoding=\"async\" style=\"margin: 0px auto 10px;text-align: center;cursor: pointer;width: 400px;height: 300px\" src=\"http:\/\/2.bp.blogspot.com\/_aUP2AqqX_a8\/SY9vMPvkyEI\/AAAAAAAAA7s\/LGEX6M9-iwU\/s400\/DSC00486.JPG\" alt=\"\" id=\"BLOGGER_PHOTO_ID_5300577542613551170\" border=\"0\" \/><\/a><br \/><a href=\"http:\/\/3.bp.blogspot.com\/_aUP2AqqX_a8\/SY9uZYQo1fI\/AAAAAAAAA7k\/j7ne3A8Qs9I\/s1600-h\/DSC00482.JPG\"><img decoding=\"async\" style=\"margin: 0px auto 10px;text-align: center;cursor: pointer;width: 400px;height: 300px\" src=\"http:\/\/3.bp.blogspot.com\/_aUP2AqqX_a8\/SY9uZYQo1fI\/AAAAAAAAA7k\/j7ne3A8Qs9I\/s400\/DSC00482.JPG\" alt=\"\" id=\"BLOGGER_PHOTO_ID_5300576668726384114\" border=\"0\" \/><\/a><\/p>\n<p>El otro caso llamativo es el Jard\u00edn Presidente Salvador Allende que se encuentra el las viviendas del plan federal de emergencia habitacional en el complejo Saavedra Lamas. A pesar de ser inaugurado hace ya un largo tiempo (el 22 de Marzo del 2006) todav\u00eda no funciona. Este \u00faltimo fue inaugurado con la presencia de la presidenta de Chile Bachelet y el ex presidente N\u00e9stor Kirchner.<\/p>\n<p><a href=\"http:\/\/4.bp.blogspot.com\/_aUP2AqqX_a8\/SY9twViJOxI\/AAAAAAAAA7c\/_CwH0SyLGUg\/s1600-h\/DSC00492.JPG\"><img decoding=\"async\" style=\"margin: 0px auto 10px;text-align: center;cursor: pointer;width: 400px;height: 320px\" src=\"http:\/\/4.bp.blogspot.com\/_aUP2AqqX_a8\/SY9twViJOxI\/AAAAAAAAA7c\/_CwH0SyLGUg\/s400\/DSC00492.JPG\" alt=\"\" id=\"BLOGGER_PHOTO_ID_5300575963619867410\" border=\"0\" \/><\/a><br \/><a href=\"http:\/\/4.bp.blogspot.com\/_aUP2AqqX_a8\/SY9spg7EI4I\/AAAAAAAAA7M\/KZQygSyO_l0\/s1600-h\/DSC00475.JPG\"><img decoding=\"async\" style=\"margin: 0px auto 10px;text-align: center;cursor: pointer;width: 400px;height: 300px\" src=\"http:\/\/4.bp.blogspot.com\/_aUP2AqqX_a8\/SY9spg7EI4I\/AAAAAAAAA7M\/KZQygSyO_l0\/s400\/DSC00475.JPG\" alt=\"\" id=\"BLOGGER_PHOTO_ID_5300574746906469250\" border=\"0\" \/><\/a><br \/><a href=\"http:\/\/3.bp.blogspot.com\/_aUP2AqqX_a8\/SY9sPK0JMyI\/AAAAAAAAA7E\/IYuDRZG1OeE\/s1600-h\/DSC00472.JPG\"><img decoding=\"async\" style=\"margin: 0px auto 10px;text-align: center;cursor: pointer;width: 400px;height: 300px\" src=\"http:\/\/3.bp.blogspot.com\/_aUP2AqqX_a8\/SY9sPK0JMyI\/AAAAAAAAA7E\/IYuDRZG1OeE\/s400\/DSC00472.JPG\" alt=\"\" id=\"BLOGGER_PHOTO_ID_5300574294295261986\" border=\"0\" \/><\/a><\/p>\n","protected":false},"excerpt":{"rendered":"<p>Todav\u00eda no comienzan las clases y ya se empieza a hablar de la falta de infraestructura para el nivel inicial de educaci\u00f3n. Algunas familias pace\u00f1as optan por la educaci\u00f3n privada, pero en este caso el dinero parece no ser una soluci\u00f3n ya que los establecimientos existentes no dan abasto con la demanda que existe.Como sucedi\u00f3 [&hellip;]<\/p>\n","protected":false},"author":1,"featured_media":0,"comment_status":"open","ping_status":"open","sticky":false,"template":"","format":"standard","meta":{"footnotes":""},"categories":[8],"tags":[],"class_list":["post-1146","post","type-post","status-publish","format-standard","hentry","category-sem-categoria"],"_links":{"self":[{"href":"https:\/\/fmtinkunaco.ar\/index.php?rest_route=\/wp\/v2\/posts\/1146","targetHints":{"allow":["GET"]}}],"collection":[{"href":"https:\/\/fmtinkunaco.ar\/index.php?rest_route=\/wp\/v2\/posts"}],"about":[{"href":"https:\/\/fmtinkunaco.ar\/index.php?rest_route=\/wp\/v2\/types\/post"}],"author":[{"embeddable":true,"href":"https:\/\/fmtinkunaco.ar\/index.php?rest_route=\/wp\/v2\/users\/1"}],"replies":[{"embeddable":true,"href":"https:\/\/fmtinkunaco.ar\/index.php?rest_route=%2Fwp%2Fv2%2Fcomments&post=1146"}],"version-history":[{"count":0,"href":"https:\/\/fmtinkunaco.ar\/index.php?rest_route=\/wp\/v2\/posts\/1146\/revisions"}],"wp:attachment":[{"href":"https:\/\/fmtinkunaco.ar\/index.php?rest_route=%2Fwp%2Fv2%2Fmedia&parent=1146"}],"wp:term":[{"taxonomy":"category","embeddable":true,"href":"https:\/\/fmtinkunaco.ar\/index.php?rest_route=%2Fwp%2Fv2%2Fcategories&post=1146"},{"taxonomy":"post_tag","embeddable":true,"href":"https:\/\/fmtinkunaco.ar\/index.php?rest_route=%2Fwp%2Fv2%2Ftags&post=1146"}],"curies":[{"name":"wp","href":"https:\/\/api.w.org\/{rel}","templated":true}]}}