{"id":1147,"date":"2009-02-05T22:26:00","date_gmt":"2009-02-06T00:26:00","guid":{"rendered":"http:\/\/fmtinkunaco.redelivre.org.br\/marcha-por-aumento-de-la-luz-en-jose-c-paz\/"},"modified":"2009-02-05T22:26:00","modified_gmt":"2009-02-06T00:26:00","slug":"marcha-por-aumento-de-la-luz-en-jose-c-paz","status":"publish","type":"post","link":"https:\/\/fmtinkunaco.ar\/?p=1147","title":{"rendered":"Marcha por aumento de la luz en Jos\u00e9 C Paz"},"content":{"rendered":"<p>Vecinos de Jos\u00e9 C Paz convocados por el Partido Obrero se movilizan a Edenor y al consejo deliberante para repudiar los aumentos en el servicio de luz.<br \/>\n<br \/>A las 10 de la ma\u00f1ana se congregaran ma\u00f1ana en la estaci\u00f3n de Jos\u00e9 C Paz.<\/p>\n<p>Dentro de los reclamos que se van a presentar esta el reintegro a los vecinos que ya pagaron la factura sobrevaluada.<\/p>\n<p>Esta marcha es parte de una respuesta organizada de los vecinos de diferentes municipios frente a los incrementos que en algunos casos llegan al 400%.<br \/>\n<br \/><a href=\"http:\/\/2.bp.blogspot.com\/_aUP2AqqX_a8\/SYuTwtFG46I\/AAAAAAAAA68\/2f6clrLjqWM\/s1600-h\/DSC00457.JPG\"><img decoding=\"async\" style=\"margin: 0px auto 10px;text-align: center;cursor: pointer;width: 400px;height: 300px\" src=\"http:\/\/2.bp.blogspot.com\/_aUP2AqqX_a8\/SYuTwtFG46I\/AAAAAAAAA68\/2f6clrLjqWM\/s400\/DSC00457.JPG\" alt=\"\" id=\"BLOGGER_PHOTO_ID_5299491851475542946\" border=\"0\" \/><\/a><br \/>\n<br \/>Durante esta semana en el municipio de Pilar tambi\u00e9n se realizaron movilizaciones, que incluso cortaron la Panamericana.<\/p>\n<p>Desde el Panorama Regional de Noticias dialogamos con Hugo, Referente del Partido Obrero<\/p>\n<p> \t \t \t<\/p>\n","protected":false},"excerpt":{"rendered":"<p>Vecinos de Jos\u00e9 C Paz convocados por el Partido Obrero se movilizan a Edenor y al consejo deliberante para repudiar los aumentos en el servicio de luz. A las 10 de la ma\u00f1ana se congregaran ma\u00f1ana en la estaci\u00f3n de Jos\u00e9 C Paz. Dentro de los reclamos que se van a presentar esta el reintegro [&hellip;]<\/p>\n","protected":false},"author":1,"featured_media":0,"comment_status":"open","ping_status":"open","sticky":false,"template":"","format":"standard","meta":{"footnotes":""},"categories":[8],"tags":[],"class_list":["post-1147","post","type-post","status-publish","format-standard","hentry","category-sem-categoria"],"_links":{"self":[{"href":"https:\/\/fmtinkunaco.ar\/index.php?rest_route=\/wp\/v2\/posts\/1147","targetHints":{"allow":["GET"]}}],"collection":[{"href":"https:\/\/fmtinkunaco.ar\/index.php?rest_route=\/wp\/v2\/posts"}],"about":[{"href":"https:\/\/fmtinkunaco.ar\/index.php?rest_route=\/wp\/v2\/types\/post"}],"author":[{"embeddable":true,"href":"https:\/\/fmtinkunaco.ar\/index.php?rest_route=\/wp\/v2\/users\/1"}],"replies":[{"embeddable":true,"href":"https:\/\/fmtinkunaco.ar\/index.php?rest_route=%2Fwp%2Fv2%2Fcomments&post=1147"}],"version-history":[{"count":0,"href":"https:\/\/fmtinkunaco.ar\/index.php?rest_route=\/wp\/v2\/posts\/1147\/revisions"}],"wp:attachment":[{"href":"https:\/\/fmtinkunaco.ar\/index.php?rest_route=%2Fwp%2Fv2%2Fmedia&parent=1147"}],"wp:term":[{"taxonomy":"category","embeddable":true,"href":"https:\/\/fmtinkunaco.ar\/index.php?rest_route=%2Fwp%2Fv2%2Fcategories&post=1147"},{"taxonomy":"post_tag","embeddable":true,"href":"https:\/\/fmtinkunaco.ar\/index.php?rest_route=%2Fwp%2Fv2%2Ftags&post=1147"}],"curies":[{"name":"wp","href":"https:\/\/api.w.org\/{rel}","templated":true}]}}