{"id":1148,"date":"2009-01-26T20:29:00","date_gmt":"2009-01-26T22:29:00","guid":{"rendered":"http:\/\/fmtinkunaco.redelivre.org.br\/entrevista-a-carlos-lopez-desde-la-paz-bolivia\/"},"modified":"2009-01-26T20:29:00","modified_gmt":"2009-01-26T22:29:00","slug":"entrevista-a-carlos-lopez-desde-la-paz-bolivia","status":"publish","type":"post","link":"https:\/\/fmtinkunaco.ar\/?p=1148","title":{"rendered":"Entrevista a Carlos L\u00f3pez desde La Paz &#8211; Bolivia"},"content":{"rendered":"<p>En los momentos previos a la aparici\u00f3n de Evo Morales en la Plaza Murillo de La Paz nuestro compa\u00f1ero Gabriel Amarillo (Elpidio) dialogo unos instantes con Carlos L\u00f3pez integrante del comit\u00e9 c\u00edvico de La Paz.<\/p>\n<p>Para escuchar <a href=\"http:\/\/ia310843.us.archive.org\/2\/items\/EntrevistaACarlosLopez-ComiteCivicoDeLaPaz-Bolivia\/Audio-CarlosLopez-ComiteCivicoDeLaPaz_64kb.mp3\">Clik aqui<\/a><\/p>\n","protected":false},"excerpt":{"rendered":"<p>En los momentos previos a la aparici\u00f3n de Evo Morales en la Plaza Murillo de La Paz nuestro compa\u00f1ero Gabriel Amarillo (Elpidio) dialogo unos instantes con Carlos L\u00f3pez integrante del comit\u00e9 c\u00edvico de La Paz. Para escuchar Clik aqui<\/p>\n","protected":false},"author":1,"featured_media":0,"comment_status":"open","ping_status":"open","sticky":false,"template":"","format":"standard","meta":{"footnotes":""},"categories":[8],"tags":[],"class_list":["post-1148","post","type-post","status-publish","format-standard","hentry","category-sem-categoria"],"_links":{"self":[{"href":"https:\/\/fmtinkunaco.ar\/index.php?rest_route=\/wp\/v2\/posts\/1148","targetHints":{"allow":["GET"]}}],"collection":[{"href":"https:\/\/fmtinkunaco.ar\/index.php?rest_route=\/wp\/v2\/posts"}],"about":[{"href":"https:\/\/fmtinkunaco.ar\/index.php?rest_route=\/wp\/v2\/types\/post"}],"author":[{"embeddable":true,"href":"https:\/\/fmtinkunaco.ar\/index.php?rest_route=\/wp\/v2\/users\/1"}],"replies":[{"embeddable":true,"href":"https:\/\/fmtinkunaco.ar\/index.php?rest_route=%2Fwp%2Fv2%2Fcomments&post=1148"}],"version-history":[{"count":0,"href":"https:\/\/fmtinkunaco.ar\/index.php?rest_route=\/wp\/v2\/posts\/1148\/revisions"}],"wp:attachment":[{"href":"https:\/\/fmtinkunaco.ar\/index.php?rest_route=%2Fwp%2Fv2%2Fmedia&parent=1148"}],"wp:term":[{"taxonomy":"category","embeddable":true,"href":"https:\/\/fmtinkunaco.ar\/index.php?rest_route=%2Fwp%2Fv2%2Fcategories&post=1148"},{"taxonomy":"post_tag","embeddable":true,"href":"https:\/\/fmtinkunaco.ar\/index.php?rest_route=%2Fwp%2Fv2%2Ftags&post=1148"}],"curies":[{"name":"wp","href":"https:\/\/api.w.org\/{rel}","templated":true}]}}