{"id":1149,"date":"2009-01-25T23:47:00","date_gmt":"2009-01-26T01:47:00","guid":{"rendered":"http:\/\/fmtinkunaco.redelivre.org.br\/cronica-del-referendum-desde-bolivia\/"},"modified":"2009-01-25T23:47:00","modified_gmt":"2009-01-26T01:47:00","slug":"cronica-del-referendum-desde-bolivia","status":"publish","type":"post","link":"https:\/\/fmtinkunaco.ar\/?p=1149","title":{"rendered":"Cr\u00f3nica del refer\u00e9ndum desde Bolivia"},"content":{"rendered":"<p>Por Gabriel Amarillo desde la Paz      <\/p>\n<p><span style=\"font-family:inherit\">Hola compa\u00f1eros\/as de Tinkunaco&#8230; les escribo para contarles que estoy en La Paz &#8211; Bolivia, esperando los resultados del refer\u00e9ndum por la nueva Constituci\u00f3n Pol\u00edtica del Estado.<\/span><span style=\"font-family:inherit\"> <\/span><\/p>\n<p><span style=\"font-family:inherit\">Esta es la primera vez que el pueblo boliviano somete a refer\u00e9ndum el texto de su carta fundamental y esto trae conflictos por los intereses creados y sobre todo por quienes ven en este proceso un claro rev\u00e9s a la impunidad con la que se vinieron manejando desde que el pueblo andino fue sometido a<\/span><span style=\"font-family:inherit\"> los atropellos y genocidio de la colonia y mas luego de la republica.<\/span><a href=\"http:\/\/2.bp.blogspot.com\/_aUP2AqqX_a8\/SX0micHZs9I\/AAAAAAAAA60\/Cu4Q_2lCLSw\/s1600-h\/notitularfoto.php.gif\"><img decoding=\"async\" style=\"margin: 0px auto 10px;text-align: center;cursor: pointer;width: 367px;height: 193px\" src=\"http:\/\/2.bp.blogspot.com\/_aUP2AqqX_a8\/SX0micHZs9I\/AAAAAAAAA60\/Cu4Q_2lCLSw\/s400\/notitularfoto.php.gif\" alt=\"\" id=\"BLOGGER_PHOTO_ID_5295431109962216402\" border=\"0\" \/><\/a><span style=\"font-family:inherit\"> <\/span><\/p>\n<p><span style=\"font-family:inherit\">As\u00ed que desde ac\u00e1 solo hay esperanzas y resistencias&#8230; es claro que este no es ni ser\u00e1 un camino sencillo. Parte de la Editorial del diario \u00abCambio\u00bb dice:<\/span><\/p>\n<p><span style=\"font-family:inherit\">\u00ab<span style=\"font-style: italic\">los pueblos que desconocen su historia est\u00e1n sometidos al riesgo de acarrear los errores del pasado y, lo peor, a sufrirlos. El pueblo de Bolivia tiene hoy la oportunidad hist\u00f3rica de enmendar su dolorosa historia de desigualdad por la v\u00eda m\u00e1s racional, en las urnas y con el voto.<\/span><\/span><\/p>\n<p style=\"font-style: italic\"><span style=\"font-family:inherit\">Puesto que el presente es como el agua de un cauce que transcurre vertiginoso, por lo tanto intangible, los bolivianos nos encontramos frente a la alternativa de elegir entre el pasado y el futuro. <\/span><\/p>\n<p style=\"font-style: italic\"><span style=\"font-family:inherit\">El proyecto de nueva constituci\u00f3n pol\u00edtica del estado nos coloca en ese dilema y nos intima un proceso de reflexi\u00f3n que se exima de las reacciones viscerales y de las influencias de pensamientos ajenos salpicados de intereses individuales.<\/span><a href=\"http:\/\/3.bp.blogspot.com\/_aUP2AqqX_a8\/SX0lR36Yd-I\/AAAAAAAAA6s\/qBba5JSYwSg\/s1600-h\/resultados_constituyente.gif\"><img decoding=\"async\" style=\"margin: 0px auto 10px;text-align: center;cursor: pointer;width: 296px;height: 400px\" src=\"http:\/\/3.bp.blogspot.com\/_aUP2AqqX_a8\/SX0lR36Yd-I\/AAAAAAAAA6s\/qBba5JSYwSg\/s400\/resultados_constituyente.gif\" alt=\"\" id=\"BLOGGER_PHOTO_ID_5295429725854398434\" border=\"0\" \/><\/a><\/p>\n<p style=\"font-style: italic\"><span style=\"font-family:inherit\">Los bolivianos no sufragaremos este domingo para un periodo de cinco a\u00f1os, no votaremos por el indio o por el q\u00b4ara, por el pobre o por el rico, por el colla o por el camba <em><span style=\"font-family:inherit\">(as\u00ed identifican ac\u00e1 a los del oriente boliviano, a los santacruce\u00f1os en especial<\/span><\/em>). Lo haremos para un periodo, tal vez, de medio siglo y m\u00e1s, por un nuevo proyecto de estado, que incluya sin siquiera trazas de discriminaci\u00f3n.<\/span><\/p>\n<p style=\"font-style: italic\"><span style=\"font-family:inherit\">La ultima constituci\u00f3n, la d\u00e9cimo sexta de la historia boliviana, aprobada por una asamblea con facultades constituyentes, durante el gobierno del dictador Rene Barrientos \u2013que luego se legitimo en las urnas, a la usanza del sistema electoral de los a\u00f1os 60\u00b4- esta en vigor hace 41 a\u00f1os.<\/span><\/p>\n<p style=\"font-style: italic\"><span style=\"font-family:inherit\">La carta pol\u00edtica que este domingo podr\u00eda posarse en los anaqueles de la historia, ha sido enmendada 17 veces  y ha regido la vida de por los menos dos generaciones de bolivianos y comienza a forjar el porvenir de una tercera.<\/span><\/p>\n<p style=\"font-style: italic\"><span style=\"font-family:inherit\">Entre 1967 y 2006, antes que comience a perge\u00f1arse en medio de turbulencia social el proyecto de nueva constituci\u00f3n, hoy sometida al veredicto soberano, el boliviano de apie a vivido, en promedio, con un ingreso anual per capita de 600 y 1000 d\u00f3lares al a\u00f1o y una expectativa de vida de 54 a\u00f1os.<\/span><\/p>\n<p><span style=\"font-family:inherit\"><span style=\"font-style: italic\">En ese periodo han existido (y existen) otros compatriotas que sobrevivieron con un d\u00f3lar y medio al d\u00eda. Es decir, pobres entre los pobres\u00bb.<\/span><\/span><\/p>\n<p><span style=\"font-family:inherit\">Y en otra parte dice:<\/span><\/p>\n<p><span style=\"font-family:inherit\"><span style=\"font-style: italic\">\u00ab&#8230; A diferencia del medieval sistema feudal, que hizo suyas vidas y posesiones, transcurren tiempos hist\u00f3ricos que pregonan equidad en el reparto de la tierra. En Bolivia, donde el 7% controla casi el 81% de la tierra asignada, aun existe quienes controlan tanta tierra como la extensi\u00f3n de la prospera Suiza o la cercana Ecuador, lo que supone gente desterrada.\u00bb<\/span><\/span><\/p>\n<p><span style=\"font-family:inherit\">Eso dice la editorial&#8230; y lo que se consulta es:<\/span><\/p>\n<p><span style=\"font-family:inherit\">Los bolivianos dir\u00e1n SI o NO a dos preguntas:<\/span><\/p>\n<p><span style=\"font-family:inherit\">Una sobre el texto de la Nueva Constituci\u00f3n Pol\u00edtica del Estado y la otra sobre la extensi\u00f3n m\u00e1xima que deber\u00edan  tener las propiedades agr\u00edcolas: 5.000 o 10.000 hect\u00e1reas.<\/span><\/p>\n<p><span style=\"font-family:inherit\">Si gana el SI, la nueva CPE entrara en vigencia en cuanto sea promulgada. Se abrir\u00e1 entonces  una transici\u00f3n hacia los comicios generales adelantados, previstos para el 6 de diciembre. <\/span><\/p>\n<p><span style=\"font-family:inherit\">Se pondr\u00edan en marcha simult\u00e1neamente procesos de autonom\u00eda en 4 departamentos.<\/span><\/p>\n<p><span style=\"font-family:inherit\">Si gana el NO, se mantendr\u00e1 vigente la CPE de 1967 y Morales deber\u00e1 dejar el  gobierno en 2011. Las autonom\u00edas quedar\u00edan en suspenso.<\/span><\/p>\n<p><span style=\"font-family:inherit\">Seg\u00fan el proy. de Nueva CPE, Bolivia se define como \u00abEstado unitario social de derecho plurinacional comunitario, libre, independiente, soberano, democr\u00e1tico, intercultural, descentralizado y con autonom\u00edas\u00bb<\/span><\/p>\n<p>A continuaci\u00f3n el discurso de Evo Morales en la Plaza Murillo de La Paz al conocerse el triunfo del SI.   <\/p>\n<p>Estaba muy emocionado, y el pueblo (no mucho, porque esta prohibido todo tipo de transporte y solo vinieron algunos a pie) euf\u00f3rico.<\/p>\n<p>      <\/p>\n","protected":false},"excerpt":{"rendered":"<p>Por Gabriel Amarillo desde la Paz Hola compa\u00f1eros\/as de Tinkunaco&#8230; les escribo para contarles que estoy en La Paz &#8211; Bolivia, esperando los resultados del refer\u00e9ndum por la nueva Constituci\u00f3n Pol\u00edtica del Estado. Esta es la primera vez que el pueblo boliviano somete a refer\u00e9ndum el texto de su carta fundamental y esto trae conflictos [&hellip;]<\/p>\n","protected":false},"author":1,"featured_media":0,"comment_status":"open","ping_status":"open","sticky":false,"template":"","format":"standard","meta":{"footnotes":""},"categories":[8],"tags":[],"class_list":["post-1149","post","type-post","status-publish","format-standard","hentry","category-sem-categoria"],"_links":{"self":[{"href":"https:\/\/fmtinkunaco.ar\/index.php?rest_route=\/wp\/v2\/posts\/1149","targetHints":{"allow":["GET"]}}],"collection":[{"href":"https:\/\/fmtinkunaco.ar\/index.php?rest_route=\/wp\/v2\/posts"}],"about":[{"href":"https:\/\/fmtinkunaco.ar\/index.php?rest_route=\/wp\/v2\/types\/post"}],"author":[{"embeddable":true,"href":"https:\/\/fmtinkunaco.ar\/index.php?rest_route=\/wp\/v2\/users\/1"}],"replies":[{"embeddable":true,"href":"https:\/\/fmtinkunaco.ar\/index.php?rest_route=%2Fwp%2Fv2%2Fcomments&post=1149"}],"version-history":[{"count":0,"href":"https:\/\/fmtinkunaco.ar\/index.php?rest_route=\/wp\/v2\/posts\/1149\/revisions"}],"wp:attachment":[{"href":"https:\/\/fmtinkunaco.ar\/index.php?rest_route=%2Fwp%2Fv2%2Fmedia&parent=1149"}],"wp:term":[{"taxonomy":"category","embeddable":true,"href":"https:\/\/fmtinkunaco.ar\/index.php?rest_route=%2Fwp%2Fv2%2Fcategories&post=1149"},{"taxonomy":"post_tag","embeddable":true,"href":"https:\/\/fmtinkunaco.ar\/index.php?rest_route=%2Fwp%2Fv2%2Ftags&post=1149"}],"curies":[{"name":"wp","href":"https:\/\/api.w.org\/{rel}","templated":true}]}}