{"id":1151,"date":"2009-01-25T02:31:00","date_gmt":"2009-01-25T04:31:00","guid":{"rendered":"http:\/\/fmtinkunaco.redelivre.org.br\/se-viene-la-fiesta-de-la-cueva-rock-and-roll\/"},"modified":"2009-01-25T02:31:00","modified_gmt":"2009-01-25T04:31:00","slug":"se-viene-la-fiesta-de-la-cueva-rock-and-roll","status":"publish","type":"post","link":"https:\/\/fmtinkunaco.ar\/?p=1151","title":{"rendered":"Se viene la fiesta de \u00abLa cueva Rock and Roll\u00bb"},"content":{"rendered":"<p>El s\u00e1bado 21 de Febrero el programa que conduce Miguel Ugalde cumple seis a\u00f1os al aire a trav\u00e9s de la 107.3 y lo va a festejar con un gran festival.<\/p>\n<p>Ya confirmaron su presencia la banda \u00abLa \u00danica Ruta\u00bb, \u00abCaballo Blanco\u00bb, y \u00abMacarena\u00bb que ese d\u00eda presentara su banda.<\/p>\n<p><a href=\"http:\/\/2.bp.blogspot.com\/_aUP2AqqX_a8\/SXv7CG0MWII\/AAAAAAAAA6c\/ULcBOMka1j0\/s1600-h\/Imagen+002.jpg\"><img decoding=\"async\" style=\"margin: 0px auto 10px;text-align: center;cursor: pointer;width: 400px;height: 300px\" src=\"http:\/\/2.bp.blogspot.com\/_aUP2AqqX_a8\/SXv7CG0MWII\/AAAAAAAAA6c\/ULcBOMka1j0\/s400\/Imagen+002.jpg\" alt=\"\" id=\"BLOGGER_PHOTO_ID_5295101800511985794\" border=\"0\" \/><\/a><br \/>El programa ya es un cl\u00e1sico de la m\u00fasica Country y le brindo la posibilidad de mostrar su material a numerosas bandas y solistas de la regi\u00f3n.<\/p>\n<p><a href=\"http:\/\/2.bp.blogspot.com\/_aUP2AqqX_a8\/SXv9kTSrr8I\/AAAAAAAAA6k\/q79WzKCDltg\/s1600-h\/DSCN5677.JPG\"><img decoding=\"async\" style=\"margin: 0px auto 10px;text-align: center;cursor: pointer;width: 400px;height: 300px\" src=\"http:\/\/2.bp.blogspot.com\/_aUP2AqqX_a8\/SXv9kTSrr8I\/AAAAAAAAA6k\/q79WzKCDltg\/s400\/DSCN5677.JPG\" alt=\"\" id=\"BLOGGER_PHOTO_ID_5295104586999902146\" border=\"0\" \/><\/a>El festival ser\u00e1 transmitido integramente y tendr\u00e1 varias sorpresas.<\/p>\n","protected":false},"excerpt":{"rendered":"<p>El s\u00e1bado 21 de Febrero el programa que conduce Miguel Ugalde cumple seis a\u00f1os al aire a trav\u00e9s de la 107.3 y lo va a festejar con un gran festival. Ya confirmaron su presencia la banda \u00abLa \u00danica Ruta\u00bb, \u00abCaballo Blanco\u00bb, y \u00abMacarena\u00bb que ese d\u00eda presentara su banda. El programa ya es un cl\u00e1sico [&hellip;]<\/p>\n","protected":false},"author":1,"featured_media":0,"comment_status":"open","ping_status":"open","sticky":false,"template":"","format":"standard","meta":{"footnotes":""},"categories":[8],"tags":[],"class_list":["post-1151","post","type-post","status-publish","format-standard","hentry","category-sem-categoria"],"_links":{"self":[{"href":"https:\/\/fmtinkunaco.ar\/index.php?rest_route=\/wp\/v2\/posts\/1151","targetHints":{"allow":["GET"]}}],"collection":[{"href":"https:\/\/fmtinkunaco.ar\/index.php?rest_route=\/wp\/v2\/posts"}],"about":[{"href":"https:\/\/fmtinkunaco.ar\/index.php?rest_route=\/wp\/v2\/types\/post"}],"author":[{"embeddable":true,"href":"https:\/\/fmtinkunaco.ar\/index.php?rest_route=\/wp\/v2\/users\/1"}],"replies":[{"embeddable":true,"href":"https:\/\/fmtinkunaco.ar\/index.php?rest_route=%2Fwp%2Fv2%2Fcomments&post=1151"}],"version-history":[{"count":0,"href":"https:\/\/fmtinkunaco.ar\/index.php?rest_route=\/wp\/v2\/posts\/1151\/revisions"}],"wp:attachment":[{"href":"https:\/\/fmtinkunaco.ar\/index.php?rest_route=%2Fwp%2Fv2%2Fmedia&parent=1151"}],"wp:term":[{"taxonomy":"category","embeddable":true,"href":"https:\/\/fmtinkunaco.ar\/index.php?rest_route=%2Fwp%2Fv2%2Fcategories&post=1151"},{"taxonomy":"post_tag","embeddable":true,"href":"https:\/\/fmtinkunaco.ar\/index.php?rest_route=%2Fwp%2Fv2%2Ftags&post=1151"}],"curies":[{"name":"wp","href":"https:\/\/api.w.org\/{rel}","templated":true}]}}