{"id":1152,"date":"2009-01-18T22:32:00","date_gmt":"2009-01-19T00:32:00","guid":{"rendered":"http:\/\/fmtinkunaco.redelivre.org.br\/pintadas-contra-el-intendente-ishii\/"},"modified":"2009-01-18T22:32:00","modified_gmt":"2009-01-19T00:32:00","slug":"pintadas-contra-el-intendente-ishii","status":"publish","type":"post","link":"https:\/\/fmtinkunaco.ar\/?p=1152","title":{"rendered":"Pintadas contra el intendente Ishii"},"content":{"rendered":"<p>En los \u00faltimos d\u00edas aparecieron pintadas en las avenidas Croacia, Presidente Per\u00f3n, Gaspar Campos y en la ruta 24 (ex 197).<\/p>\n<p>Las pintadas llevan el binomio: Ishii ladr\u00f3n y aparecieron en el mes en que las tasas municipales pasan de ser bimestrales a mensuales y en muchos casos por el mismo importe que antes percib\u00edan cada dos meses.<\/p>\n<p>Aunque fueron r\u00e1pidamente disimuladas con aerosol todav\u00eda se las puede observar.<\/p>\n<p><a href=\"http:\/\/1.bp.blogspot.com\/_aUP2AqqX_a8\/SXPaALI7LEI\/AAAAAAAAA54\/-uJsiN61cEQ\/s1600-h\/DSC00433.JPG\"><img decoding=\"async\" style=\"margin: 0px auto 10px;text-align: center;cursor: pointer;width: 400px;height: 320px\" src=\"http:\/\/1.bp.blogspot.com\/_aUP2AqqX_a8\/SXPaALI7LEI\/AAAAAAAAA54\/-uJsiN61cEQ\/s400\/DSC00433.JPG\" alt=\"\" id=\"BLOGGER_PHOTO_ID_5292813683615542338\" border=\"0\" \/><\/a><\/p>\n<p><a href=\"http:\/\/4.bp.blogspot.com\/_aUP2AqqX_a8\/SXPZrhB8nmI\/AAAAAAAAA5w\/eJXArQ-O5Zc\/s1600-h\/DSC00432.JPG\"><img decoding=\"async\" style=\"margin: 0px auto 10px;text-align: center;cursor: pointer;width: 400px;height: 320px\" src=\"http:\/\/4.bp.blogspot.com\/_aUP2AqqX_a8\/SXPZrhB8nmI\/AAAAAAAAA5w\/eJXArQ-O5Zc\/s400\/DSC00432.JPG\" alt=\"\" id=\"BLOGGER_PHOTO_ID_5292813328714604130\" border=\"0\" \/><\/a><\/p>\n","protected":false},"excerpt":{"rendered":"<p>En los \u00faltimos d\u00edas aparecieron pintadas en las avenidas Croacia, Presidente Per\u00f3n, Gaspar Campos y en la ruta 24 (ex 197). Las pintadas llevan el binomio: Ishii ladr\u00f3n y aparecieron en el mes en que las tasas municipales pasan de ser bimestrales a mensuales y en muchos casos por el mismo importe que antes percib\u00edan [&hellip;]<\/p>\n","protected":false},"author":1,"featured_media":0,"comment_status":"open","ping_status":"open","sticky":false,"template":"","format":"standard","meta":{"footnotes":""},"categories":[8],"tags":[],"class_list":["post-1152","post","type-post","status-publish","format-standard","hentry","category-sem-categoria"],"_links":{"self":[{"href":"https:\/\/fmtinkunaco.ar\/index.php?rest_route=\/wp\/v2\/posts\/1152","targetHints":{"allow":["GET"]}}],"collection":[{"href":"https:\/\/fmtinkunaco.ar\/index.php?rest_route=\/wp\/v2\/posts"}],"about":[{"href":"https:\/\/fmtinkunaco.ar\/index.php?rest_route=\/wp\/v2\/types\/post"}],"author":[{"embeddable":true,"href":"https:\/\/fmtinkunaco.ar\/index.php?rest_route=\/wp\/v2\/users\/1"}],"replies":[{"embeddable":true,"href":"https:\/\/fmtinkunaco.ar\/index.php?rest_route=%2Fwp%2Fv2%2Fcomments&post=1152"}],"version-history":[{"count":0,"href":"https:\/\/fmtinkunaco.ar\/index.php?rest_route=\/wp\/v2\/posts\/1152\/revisions"}],"wp:attachment":[{"href":"https:\/\/fmtinkunaco.ar\/index.php?rest_route=%2Fwp%2Fv2%2Fmedia&parent=1152"}],"wp:term":[{"taxonomy":"category","embeddable":true,"href":"https:\/\/fmtinkunaco.ar\/index.php?rest_route=%2Fwp%2Fv2%2Fcategories&post=1152"},{"taxonomy":"post_tag","embeddable":true,"href":"https:\/\/fmtinkunaco.ar\/index.php?rest_route=%2Fwp%2Fv2%2Ftags&post=1152"}],"curies":[{"name":"wp","href":"https:\/\/api.w.org\/{rel}","templated":true}]}}