{"id":1153,"date":"2009-01-12T21:19:00","date_gmt":"2009-01-12T23:19:00","guid":{"rendered":"http:\/\/fmtinkunaco.redelivre.org.br\/latinoamerica-vive-ya-esta-disponible\/"},"modified":"2009-01-12T21:19:00","modified_gmt":"2009-01-12T23:19:00","slug":"latinoamerica-vive-ya-esta-disponible","status":"publish","type":"post","link":"https:\/\/fmtinkunaco.ar\/?p=1153","title":{"rendered":"Latinoamerica Vive ya esta disponible"},"content":{"rendered":"<p>El programa que recorre la actualidad latinoamericana ya esta subido.<br \/>En el tercer programa del 2009 se abordan los siguientes temas:<br \/>Las materias pendientes que dejo el 2008 en pol\u00edticas de integraci\u00f3n, el pronunciamiento del ejercito zapatista de liberaci\u00f3n nacional (EZLN) con respecto a la invasi\u00f3n de la franja de Gaza, los aspectos oscuros del paso del Rally por Argentina y Chile y noticias breves del acontecer latinoamericano.<\/p>\n<p><a href=\"http:\/\/3.bp.blogspot.com\/_aUP2AqqX_a8\/SWvoCvmvkVI\/AAAAAAAAA5I\/CQcGMvi4N4M\/s1600-h\/_MG_6567.JPG\"><img decoding=\"async\" style=\"margin: 0px auto 10px;text-align: center;cursor: pointer;width: 400px;height: 267px\" src=\"http:\/\/3.bp.blogspot.com\/_aUP2AqqX_a8\/SWvoCvmvkVI\/AAAAAAAAA5I\/CQcGMvi4N4M\/s400\/_MG_6567.JPG\" alt=\"\" id=\"BLOGGER_PHOTO_ID_5290577321113129298\" border=\"0\" \/><\/a><\/p>\n<p>Para descargarlo <a href=\"http:\/\/ia310842.us.archive.org\/3\/items\/PgmLatinoamericaVive12-01-09\/Pgm12-01-09LatinoamericaVive_64kb.mp3\">Clik aqui<\/a><\/p>\n","protected":false},"excerpt":{"rendered":"<p>El programa que recorre la actualidad latinoamericana ya esta subido.En el tercer programa del 2009 se abordan los siguientes temas:Las materias pendientes que dejo el 2008 en pol\u00edticas de integraci\u00f3n, el pronunciamiento del ejercito zapatista de liberaci\u00f3n nacional (EZLN) con respecto a la invasi\u00f3n de la franja de Gaza, los aspectos oscuros del paso del [&hellip;]<\/p>\n","protected":false},"author":1,"featured_media":0,"comment_status":"open","ping_status":"open","sticky":false,"template":"","format":"standard","meta":{"footnotes":""},"categories":[8],"tags":[],"class_list":["post-1153","post","type-post","status-publish","format-standard","hentry","category-sem-categoria"],"_links":{"self":[{"href":"https:\/\/fmtinkunaco.ar\/index.php?rest_route=\/wp\/v2\/posts\/1153","targetHints":{"allow":["GET"]}}],"collection":[{"href":"https:\/\/fmtinkunaco.ar\/index.php?rest_route=\/wp\/v2\/posts"}],"about":[{"href":"https:\/\/fmtinkunaco.ar\/index.php?rest_route=\/wp\/v2\/types\/post"}],"author":[{"embeddable":true,"href":"https:\/\/fmtinkunaco.ar\/index.php?rest_route=\/wp\/v2\/users\/1"}],"replies":[{"embeddable":true,"href":"https:\/\/fmtinkunaco.ar\/index.php?rest_route=%2Fwp%2Fv2%2Fcomments&post=1153"}],"version-history":[{"count":0,"href":"https:\/\/fmtinkunaco.ar\/index.php?rest_route=\/wp\/v2\/posts\/1153\/revisions"}],"wp:attachment":[{"href":"https:\/\/fmtinkunaco.ar\/index.php?rest_route=%2Fwp%2Fv2%2Fmedia&parent=1153"}],"wp:term":[{"taxonomy":"category","embeddable":true,"href":"https:\/\/fmtinkunaco.ar\/index.php?rest_route=%2Fwp%2Fv2%2Fcategories&post=1153"},{"taxonomy":"post_tag","embeddable":true,"href":"https:\/\/fmtinkunaco.ar\/index.php?rest_route=%2Fwp%2Fv2%2Ftags&post=1153"}],"curies":[{"name":"wp","href":"https:\/\/api.w.org\/{rel}","templated":true}]}}