{"id":1154,"date":"2009-01-08T20:16:00","date_gmt":"2009-01-08T22:16:00","guid":{"rendered":"http:\/\/fmtinkunaco.redelivre.org.br\/justicia-para-daniel-vallejos\/"},"modified":"2009-01-08T20:16:00","modified_gmt":"2009-01-08T22:16:00","slug":"justicia-para-daniel-vallejos","status":"publish","type":"post","link":"https:\/\/fmtinkunaco.ar\/?p=1154","title":{"rendered":"Justicia para Daniel Vallejos"},"content":{"rendered":"<p style=\"margin: 0cm 0cm 0.0001pt;text-align: justify\">Hoy jueves 8 de enero se cumpli\u00f3 un a\u00f1o del asesinato de Daniel Vallejos, obrero de la construcci\u00f3n y vecino de Tortuguitas. Su muerte se produjo cuando, trabajando, un guinche utilizado para elevar material, cay\u00f3 sobre \u00e9l mat\u00e1ndolo. El hecho ocurri\u00f3 en una obra en el barrio privado \u201cLa Damasia\u201d, ubicado en Miguel Can\u00e9 y Reguera del Partido de San Fernando; obra cuyo Director Ejecutivo era el arquitecto Garc\u00eda Llanez y estaba a cargo de la empresa \u201cStieglitz Construcciones S. A.\u201d. <\/p>\n<p style=\"margin: 0cm 0cm 0.0001pt;text-align: justify\">La causa tramita en la UFI n\u00b0 1 de San Fernando, a cargo del Dr. Nu\u00f1ez Barreto, caratulada \u201cAveriguaci\u00f3n de Causales de Muerte\u201d IPP 35.537. <\/p>\n<p style=\"text-align: justify\">Desde La Asamblea de Tortuguitas se movilizaron durante esta ma\u00f1ana para exigir JUSTICIA.<\/p>\n<p style=\"text-align: justify\">En un comunicado de prensa de la asamblea se expresa: <\/p>\n<p style=\"text-align: justify\">Son responsables los due\u00f1os del barrio \u201cLa Damasia\u201d que vender\u00e1n casas construidas con sangre obrera; la empresa Stieglitz que no adopt\u00f3 las medidas de seguridad; los funcionarios municipales que no inspeccionaron que esas medidas se cumplieran, y el gremio de la construcci\u00f3n que no defiende a los trabajadores y son c\u00f3mplices. <\/p>\n<p style=\"text-align: justify\">Nosotros seguiremos luchando para que haya <b>JUSTICIA PARA DANIEL VALLEJOS<\/b> y para que vayan presos los responsables de su muerte. Decimos que la condena debe ser ejemplar para que estos mercaderes lo piensen dos veces antes de querer ganar m\u00e1s ahorrando en la seguridad de los trabajadores. Y decimos que la \u00fanica garant\u00eda para que las obras sean seguras es que <b>LOS OBREROS SE ORGANICEN EN ASAMBLEAS E IMPONGAN LA SEGURIDAD.<\/b> <\/p>\n<h1 style=\"margin: 0cm 0cm 0.0001pt;text-align: center\"><span style=\"font-size:100%\">JUSTICIA PARA DANIEL VALLEJOS<\/span><\/h1>\n<p style=\"text-align: center\" align=\"center\"><span style=\"font-size:100%\"><b>C\u00c1RCEL A LOS RESPONSABLES<\/b><\/span> <\/p>\n<p style=\"text-align: center\" align=\"center\"><span style=\"font-size:100%\"><b>ORGANIZACI\u00d3N DE LOS OBREROS EN ASAMBLEAS DE BASE<\/b><\/span> <\/p>\n<p style=\"text-align: center\" align=\"center\"><span style=\"font-size:100%\"><b>PARA IMPONER LA SEGURIDAD EN LAS OBRAS<\/b><\/span> <\/p>\n<p style=\"text-align: center\" align=\"center\"><span style=\"font-size:100%\"><b>POR SINDICATOS DE LOS TRABAJADORES<\/b><\/span> <\/p>\n<p style=\"text-align: center\" align=\"center\"><span style=\"font-size:100%\"><b>LA MUERTE DE DANIEL ES LA MUERTE DE TODO TRABAJADOR<\/b><\/span> <\/p>\n<h1 style=\"margin: 0cm 0cm 0.0001pt;text-align: center\"><span style=\"font-size:100%\"> SI NO HAY JUSTICIA HAY ESCRACHE<\/span><\/h1><\/p>\n","protected":false},"excerpt":{"rendered":"<p>Hoy jueves 8 de enero se cumpli\u00f3 un a\u00f1o del asesinato de Daniel Vallejos, obrero de la construcci\u00f3n y vecino de Tortuguitas. Su muerte se produjo cuando, trabajando, un guinche utilizado para elevar material, cay\u00f3 sobre \u00e9l mat\u00e1ndolo. El hecho ocurri\u00f3 en una obra en el barrio privado \u201cLa Damasia\u201d, ubicado en Miguel Can\u00e9 y [&hellip;]<\/p>\n","protected":false},"author":1,"featured_media":0,"comment_status":"open","ping_status":"open","sticky":false,"template":"","format":"standard","meta":{"footnotes":""},"categories":[8],"tags":[],"class_list":["post-1154","post","type-post","status-publish","format-standard","hentry","category-sem-categoria"],"_links":{"self":[{"href":"https:\/\/fmtinkunaco.ar\/index.php?rest_route=\/wp\/v2\/posts\/1154","targetHints":{"allow":["GET"]}}],"collection":[{"href":"https:\/\/fmtinkunaco.ar\/index.php?rest_route=\/wp\/v2\/posts"}],"about":[{"href":"https:\/\/fmtinkunaco.ar\/index.php?rest_route=\/wp\/v2\/types\/post"}],"author":[{"embeddable":true,"href":"https:\/\/fmtinkunaco.ar\/index.php?rest_route=\/wp\/v2\/users\/1"}],"replies":[{"embeddable":true,"href":"https:\/\/fmtinkunaco.ar\/index.php?rest_route=%2Fwp%2Fv2%2Fcomments&post=1154"}],"version-history":[{"count":0,"href":"https:\/\/fmtinkunaco.ar\/index.php?rest_route=\/wp\/v2\/posts\/1154\/revisions"}],"wp:attachment":[{"href":"https:\/\/fmtinkunaco.ar\/index.php?rest_route=%2Fwp%2Fv2%2Fmedia&parent=1154"}],"wp:term":[{"taxonomy":"category","embeddable":true,"href":"https:\/\/fmtinkunaco.ar\/index.php?rest_route=%2Fwp%2Fv2%2Fcategories&post=1154"},{"taxonomy":"post_tag","embeddable":true,"href":"https:\/\/fmtinkunaco.ar\/index.php?rest_route=%2Fwp%2Fv2%2Ftags&post=1154"}],"curies":[{"name":"wp","href":"https:\/\/api.w.org\/{rel}","templated":true}]}}