{"id":1157,"date":"2008-12-31T00:54:00","date_gmt":"2008-12-31T02:54:00","guid":{"rendered":"http:\/\/fmtinkunaco.redelivre.org.br\/imagenes-del-reclamo-justicia-para-nuestros-pibes\/"},"modified":"2008-12-31T00:54:00","modified_gmt":"2008-12-31T02:54:00","slug":"imagenes-del-reclamo-justicia-para-nuestros-pibes","status":"publish","type":"post","link":"https:\/\/fmtinkunaco.ar\/?p=1157","title":{"rendered":"Imagenes del reclamo: Justicia para nuestros pibes"},"content":{"rendered":"<p>A cuatro a\u00f1os de la Masacre de Republica de Croma\u00f1an acompa\u00f1amos a familiares, sobrevivientes y amigos de los chicos en el reclamo a traves de una Radio abierta que comenz\u00f3 alrededor de las 14 hs en el Santuario.<\/p>\n<p><a href=\"http:\/\/2.bp.blogspot.com\/_aUP2AqqX_a8\/SVrxC9IS4HI\/AAAAAAAAA5A\/7TxjHcyX5OY\/s1600-h\/100_0633.JPG\"><img decoding=\"async\" style=\"margin: 0px auto 10px;text-align: center;cursor: pointer;width: 400px;height: 300px\" src=\"http:\/\/2.bp.blogspot.com\/_aUP2AqqX_a8\/SVrxC9IS4HI\/AAAAAAAAA5A\/7TxjHcyX5OY\/s400\/100_0633.JPG\" alt=\"\" id=\"BLOGGER_PHOTO_ID_5285802145744085106\" border=\"0\" \/><\/a><\/p>\n<p><a href=\"http:\/\/4.bp.blogspot.com\/_aUP2AqqX_a8\/SVrwh9vwGzI\/AAAAAAAAA44\/8iqHZ7xZDKs\/s1600-h\/100_0610.JPG\"><img decoding=\"async\" style=\"margin: 0px auto 10px;text-align: center;cursor: pointer;width: 400px;height: 300px\" src=\"http:\/\/4.bp.blogspot.com\/_aUP2AqqX_a8\/SVrwh9vwGzI\/AAAAAAAAA44\/8iqHZ7xZDKs\/s400\/100_0610.JPG\" alt=\"\" id=\"BLOGGER_PHOTO_ID_5285801578973895474\" border=\"0\" \/><\/a><\/p>\n<p><a href=\"http:\/\/2.bp.blogspot.com\/_aUP2AqqX_a8\/SVrwIJtV6OI\/AAAAAAAAA4w\/6eMvAwD5MbA\/s1600-h\/100_0605.JPG\"><img decoding=\"async\" style=\"margin: 0px auto 10px;text-align: center;cursor: pointer;width: 400px;height: 300px\" src=\"http:\/\/2.bp.blogspot.com\/_aUP2AqqX_a8\/SVrwIJtV6OI\/AAAAAAAAA4w\/6eMvAwD5MbA\/s400\/100_0605.JPG\" alt=\"\" id=\"BLOGGER_PHOTO_ID_5285801135508416738\" border=\"0\" \/><\/a><\/p>\n<p><a href=\"http:\/\/4.bp.blogspot.com\/_aUP2AqqX_a8\/SVrvjuRpgZI\/AAAAAAAAA4o\/etWDH2RufBg\/s1600-h\/100_0529.JPG\"><img decoding=\"async\" style=\"margin: 0px auto 10px;text-align: center;cursor: pointer;width: 400px;height: 300px\" src=\"http:\/\/4.bp.blogspot.com\/_aUP2AqqX_a8\/SVrvjuRpgZI\/AAAAAAAAA4o\/etWDH2RufBg\/s400\/100_0529.JPG\" alt=\"\" id=\"BLOGGER_PHOTO_ID_5285800509669212562\" border=\"0\" \/><\/a><\/p>\n<p><a href=\"http:\/\/1.bp.blogspot.com\/_aUP2AqqX_a8\/SVru4iAeU9I\/AAAAAAAAA4g\/qO7mpYYro68\/s1600-h\/100_0513.JPG\"><img decoding=\"async\" style=\"margin: 0px auto 10px;text-align: center;cursor: pointer;width: 400px;height: 300px\" src=\"http:\/\/1.bp.blogspot.com\/_aUP2AqqX_a8\/SVru4iAeU9I\/AAAAAAAAA4g\/qO7mpYYro68\/s400\/100_0513.JPG\" alt=\"\" id=\"BLOGGER_PHOTO_ID_5285799767641576402\" border=\"0\" \/><\/a><\/p>\n<p><a href=\"http:\/\/4.bp.blogspot.com\/_aUP2AqqX_a8\/SVruU-YANpI\/AAAAAAAAA4Y\/GFM2-hKGWVE\/s1600-h\/100_0481.JPG\"><img decoding=\"async\" style=\"margin: 0px auto 10px;text-align: center;cursor: pointer;width: 400px;height: 300px\" src=\"http:\/\/4.bp.blogspot.com\/_aUP2AqqX_a8\/SVruU-YANpI\/AAAAAAAAA4Y\/GFM2-hKGWVE\/s400\/100_0481.JPG\" alt=\"\" id=\"BLOGGER_PHOTO_ID_5285799156781168274\" border=\"0\" \/><\/a><\/p>\n","protected":false},"excerpt":{"rendered":"<p>A cuatro a\u00f1os de la Masacre de Republica de Croma\u00f1an acompa\u00f1amos a familiares, sobrevivientes y amigos de los chicos en el reclamo a traves de una Radio abierta que comenz\u00f3 alrededor de las 14 hs en el Santuario.<\/p>\n","protected":false},"author":1,"featured_media":0,"comment_status":"open","ping_status":"open","sticky":false,"template":"","format":"standard","meta":{"footnotes":""},"categories":[8],"tags":[],"class_list":["post-1157","post","type-post","status-publish","format-standard","hentry","category-sem-categoria"],"_links":{"self":[{"href":"https:\/\/fmtinkunaco.ar\/index.php?rest_route=\/wp\/v2\/posts\/1157","targetHints":{"allow":["GET"]}}],"collection":[{"href":"https:\/\/fmtinkunaco.ar\/index.php?rest_route=\/wp\/v2\/posts"}],"about":[{"href":"https:\/\/fmtinkunaco.ar\/index.php?rest_route=\/wp\/v2\/types\/post"}],"author":[{"embeddable":true,"href":"https:\/\/fmtinkunaco.ar\/index.php?rest_route=\/wp\/v2\/users\/1"}],"replies":[{"embeddable":true,"href":"https:\/\/fmtinkunaco.ar\/index.php?rest_route=%2Fwp%2Fv2%2Fcomments&post=1157"}],"version-history":[{"count":0,"href":"https:\/\/fmtinkunaco.ar\/index.php?rest_route=\/wp\/v2\/posts\/1157\/revisions"}],"wp:attachment":[{"href":"https:\/\/fmtinkunaco.ar\/index.php?rest_route=%2Fwp%2Fv2%2Fmedia&parent=1157"}],"wp:term":[{"taxonomy":"category","embeddable":true,"href":"https:\/\/fmtinkunaco.ar\/index.php?rest_route=%2Fwp%2Fv2%2Fcategories&post=1157"},{"taxonomy":"post_tag","embeddable":true,"href":"https:\/\/fmtinkunaco.ar\/index.php?rest_route=%2Fwp%2Fv2%2Ftags&post=1157"}],"curies":[{"name":"wp","href":"https:\/\/api.w.org\/{rel}","templated":true}]}}