{"id":1158,"date":"2008-12-29T18:47:00","date_gmt":"2008-12-29T20:47:00","guid":{"rendered":"http:\/\/fmtinkunaco.redelivre.org.br\/cuatro-anos-de-la-masacre-de-cromanon\/"},"modified":"2008-12-29T18:47:00","modified_gmt":"2008-12-29T20:47:00","slug":"cuatro-anos-de-la-masacre-de-cromanon","status":"publish","type":"post","link":"https:\/\/fmtinkunaco.ar\/?p=1158","title":{"rendered":"Cuatro a\u00f1os de la masacre de Croma\u00f1on"},"content":{"rendered":"<p>Ma\u00f1ana se cumplen cuatro a\u00f1os de la masacre de Republica de Croma\u00f1on. Esa noche perdieron la vida 194 pibes y pibas. Meses m\u00e1s tarde partir\u00eda Mariana Marquez impulsora de A.V.I.S.Ar (asociaci\u00f3n de victimas de la inseguridad social en la Argentina).<\/p>\n<p>Desde este espacio fuimos invitados por Jos\u00e9 Guzman (Padre de Lucas Guzman) a participar de una Radio abierta a partir de las 14:00Hs en el santuario de Once.<\/p>\n<p><a href=\"http:\/\/1.bp.blogspot.com\/_aUP2AqqX_a8\/SVlJb4im2DI\/AAAAAAAAA4Q\/mNLETL9c7FA\/s1600-h\/DSCN0498.JPG\"><img decoding=\"async\" style=\"margin: 0px auto 10px;text-align: center;cursor: pointer;width: 400px;height: 300px\" src=\"http:\/\/1.bp.blogspot.com\/_aUP2AqqX_a8\/SVlJb4im2DI\/AAAAAAAAA4Q\/mNLETL9c7FA\/s400\/DSCN0498.JPG\" alt=\"\" id=\"BLOGGER_PHOTO_ID_5285336381078820914\" border=\"0\" \/><\/a><br \/>Durante toda la Jornada se realizaran muestras fotograficas, actos, marchas, misas, etc. Desde diferentes lugares y miradas se escuchar\u00e1 nuevamente el mismo reclamo: JUSTICIA.<\/p>\n<p>La marcha m\u00e1s importante comenzara a las 18:00Hs en plaza de Mayo y llegara al santuario de Once.<\/p>\n<p>Los Pibes de Croma\u00f1on PRESENTES!!!<\/p>\n<p><a href=\"http:\/\/2.bp.blogspot.com\/_aUP2AqqX_a8\/SVlHstco_XI\/AAAAAAAAA4I\/jUn97c2SZbU\/s1600-h\/DSCF8163.JPG\"><img decoding=\"async\" style=\"margin: 0px auto 10px;text-align: center;cursor: pointer;width: 400px;height: 300px\" src=\"http:\/\/2.bp.blogspot.com\/_aUP2AqqX_a8\/SVlHstco_XI\/AAAAAAAAA4I\/jUn97c2SZbU\/s400\/DSCF8163.JPG\" alt=\"\" id=\"BLOGGER_PHOTO_ID_5285334471135526258\" border=\"0\" \/><\/a><br \/>\u201cPensar CROMA\u00d1\u00d3N es pensar en CROMA\u00d1\u00d3N, pensar sobre CROMA\u00d1\u00d3N, pensar desde CROMA\u00d1\u00d3N. Es pensar sin olvidar acerca de qu\u00e9 estamos pensando, pensar sin dejar de recordar sobre qui\u00e9nes estamos pensando, pensar sin dejar por un instante de amar a quienes recordamos, sin abandonar su memoria. Porque ellos son los que no pueden ya pensar, debemos hacerlo nosotros. Pensar CROMA\u00d1\u00d3N es buscar la justicia, es construir el camino para derrotar a la impunidad, a la forma de hacer negocios que olvida a la seguridad y la vida de los otros, a la forma de hacer pol\u00edtica que se dedica a acomodar a los amigos y a hacer caja de cualquier modo, a las conductas sociales que olvidan del cuidado de s\u00ed y del respeto del semejante. Pensar CROMA\u00d1\u00d3N es sostener el valor de la vida, es incluir a la muerte de los nuestros en la vida cotidiana de todos nosotros, para resguardar la vida de ellos en el \u00fanico modo en que nos dejaron: en el recuerdo, en la lucha, en ser cada vez mejores. Pensar Croma\u00f1\u00f3n es, por \u00faltimo, hacer que los chicos de Croma\u00f1\u00f3n est\u00e9n presentes, ahora y siempre\u201d.<\/p>\n<p>(Palabras le\u00eddas en la charla inaugural del ciclo Pensar Croma\u00f1\u00f3n, el 12 de junio de 2007. Por Diego Rozengardt, familiar de una v\u00edctima).<\/p>\n","protected":false},"excerpt":{"rendered":"<p>Ma\u00f1ana se cumplen cuatro a\u00f1os de la masacre de Republica de Croma\u00f1on. Esa noche perdieron la vida 194 pibes y pibas. Meses m\u00e1s tarde partir\u00eda Mariana Marquez impulsora de A.V.I.S.Ar (asociaci\u00f3n de victimas de la inseguridad social en la Argentina). Desde este espacio fuimos invitados por Jos\u00e9 Guzman (Padre de Lucas Guzman) a participar de [&hellip;]<\/p>\n","protected":false},"author":1,"featured_media":0,"comment_status":"open","ping_status":"open","sticky":false,"template":"","format":"standard","meta":{"footnotes":""},"categories":[8],"tags":[],"class_list":["post-1158","post","type-post","status-publish","format-standard","hentry","category-sem-categoria"],"_links":{"self":[{"href":"https:\/\/fmtinkunaco.ar\/index.php?rest_route=\/wp\/v2\/posts\/1158","targetHints":{"allow":["GET"]}}],"collection":[{"href":"https:\/\/fmtinkunaco.ar\/index.php?rest_route=\/wp\/v2\/posts"}],"about":[{"href":"https:\/\/fmtinkunaco.ar\/index.php?rest_route=\/wp\/v2\/types\/post"}],"author":[{"embeddable":true,"href":"https:\/\/fmtinkunaco.ar\/index.php?rest_route=\/wp\/v2\/users\/1"}],"replies":[{"embeddable":true,"href":"https:\/\/fmtinkunaco.ar\/index.php?rest_route=%2Fwp%2Fv2%2Fcomments&post=1158"}],"version-history":[{"count":0,"href":"https:\/\/fmtinkunaco.ar\/index.php?rest_route=\/wp\/v2\/posts\/1158\/revisions"}],"wp:attachment":[{"href":"https:\/\/fmtinkunaco.ar\/index.php?rest_route=%2Fwp%2Fv2%2Fmedia&parent=1158"}],"wp:term":[{"taxonomy":"category","embeddable":true,"href":"https:\/\/fmtinkunaco.ar\/index.php?rest_route=%2Fwp%2Fv2%2Fcategories&post=1158"},{"taxonomy":"post_tag","embeddable":true,"href":"https:\/\/fmtinkunaco.ar\/index.php?rest_route=%2Fwp%2Fv2%2Ftags&post=1158"}],"curies":[{"name":"wp","href":"https:\/\/api.w.org\/{rel}","templated":true}]}}