{"id":1159,"date":"2008-12-29T15:07:00","date_gmt":"2008-12-29T17:07:00","guid":{"rendered":"http:\/\/fmtinkunaco.redelivre.org.br\/latinoamerica-vive-ultimo-programa-del-2008\/"},"modified":"2008-12-29T15:07:00","modified_gmt":"2008-12-29T17:07:00","slug":"latinoamerica-vive-ultimo-programa-del-2008","status":"publish","type":"post","link":"https:\/\/fmtinkunaco.ar\/?p=1159","title":{"rendered":"Latinoamerica vive: \u00daltimo programa del 2008"},"content":{"rendered":"<p>A continuaci\u00f3n compartimos el \u00faltimo programa de Latinoamerica Vive en el que se rescat\u00f3 los momentos m\u00e1s destacados del 2008.<\/p>\n<p>Esperamos que lo disfruten.<\/p>\n<p> <\/p>\n","protected":false},"excerpt":{"rendered":"<p>A continuaci\u00f3n compartimos el \u00faltimo programa de Latinoamerica Vive en el que se rescat\u00f3 los momentos m\u00e1s destacados del 2008. Esperamos que lo disfruten.<\/p>\n","protected":false},"author":1,"featured_media":0,"comment_status":"open","ping_status":"open","sticky":false,"template":"","format":"standard","meta":{"footnotes":""},"categories":[8],"tags":[],"class_list":["post-1159","post","type-post","status-publish","format-standard","hentry","category-sem-categoria"],"_links":{"self":[{"href":"https:\/\/fmtinkunaco.ar\/index.php?rest_route=\/wp\/v2\/posts\/1159","targetHints":{"allow":["GET"]}}],"collection":[{"href":"https:\/\/fmtinkunaco.ar\/index.php?rest_route=\/wp\/v2\/posts"}],"about":[{"href":"https:\/\/fmtinkunaco.ar\/index.php?rest_route=\/wp\/v2\/types\/post"}],"author":[{"embeddable":true,"href":"https:\/\/fmtinkunaco.ar\/index.php?rest_route=\/wp\/v2\/users\/1"}],"replies":[{"embeddable":true,"href":"https:\/\/fmtinkunaco.ar\/index.php?rest_route=%2Fwp%2Fv2%2Fcomments&post=1159"}],"version-history":[{"count":0,"href":"https:\/\/fmtinkunaco.ar\/index.php?rest_route=\/wp\/v2\/posts\/1159\/revisions"}],"wp:attachment":[{"href":"https:\/\/fmtinkunaco.ar\/index.php?rest_route=%2Fwp%2Fv2%2Fmedia&parent=1159"}],"wp:term":[{"taxonomy":"category","embeddable":true,"href":"https:\/\/fmtinkunaco.ar\/index.php?rest_route=%2Fwp%2Fv2%2Fcategories&post=1159"},{"taxonomy":"post_tag","embeddable":true,"href":"https:\/\/fmtinkunaco.ar\/index.php?rest_route=%2Fwp%2Fv2%2Ftags&post=1159"}],"curies":[{"name":"wp","href":"https:\/\/api.w.org\/{rel}","templated":true}]}}