{"id":1161,"date":"2008-12-16T13:09:00","date_gmt":"2008-12-16T15:09:00","guid":{"rendered":"http:\/\/fmtinkunaco.redelivre.org.br\/desalojaron-a-una-vecina-del-complejo-saavedra-lamas\/"},"modified":"2008-12-16T13:09:00","modified_gmt":"2008-12-16T15:09:00","slug":"desalojaron-a-una-vecina-del-complejo-saavedra-lamas","status":"publish","type":"post","link":"https:\/\/fmtinkunaco.ar\/?p=1161","title":{"rendered":"Desalojaron a una vecina del complejo Saavedra Lamas"},"content":{"rendered":"<p>Una vecina que present\u00f3 en nuestra emisora denuncias policias, certificados de haber cobrado por su trabajo en la cooperativa Flor del ceibo y hasta el papel con membrete municipal en el cual se le otorg\u00f3 una vivienda en el complejo Saavedra Lamas denunci\u00f3 que fue desalojada violentamente de su casa.<\/p>\n<p>La responsable del desalojo, seg\u00fan consta en la denuncia policial, es Mirian Siarra, que se presento ante la vecina como responsable de seguridad del complejo del plan federal de emergencia habitacional.<\/p>\n<p>Charlamos con el concejal de la coalici\u00f3n civica Mario Filipa sobre este tema.<\/p>\n<p>A continuaci\u00f3n parte de esa entrevista:<\/p>\n","protected":false},"excerpt":{"rendered":"<p>Una vecina que present\u00f3 en nuestra emisora denuncias policias, certificados de haber cobrado por su trabajo en la cooperativa Flor del ceibo y hasta el papel con membrete municipal en el cual se le otorg\u00f3 una vivienda en el complejo Saavedra Lamas denunci\u00f3 que fue desalojada violentamente de su casa. La responsable del desalojo, seg\u00fan [&hellip;]<\/p>\n","protected":false},"author":1,"featured_media":0,"comment_status":"open","ping_status":"open","sticky":false,"template":"","format":"standard","meta":{"footnotes":""},"categories":[8],"tags":[],"class_list":["post-1161","post","type-post","status-publish","format-standard","hentry","category-sem-categoria"],"_links":{"self":[{"href":"https:\/\/fmtinkunaco.ar\/index.php?rest_route=\/wp\/v2\/posts\/1161","targetHints":{"allow":["GET"]}}],"collection":[{"href":"https:\/\/fmtinkunaco.ar\/index.php?rest_route=\/wp\/v2\/posts"}],"about":[{"href":"https:\/\/fmtinkunaco.ar\/index.php?rest_route=\/wp\/v2\/types\/post"}],"author":[{"embeddable":true,"href":"https:\/\/fmtinkunaco.ar\/index.php?rest_route=\/wp\/v2\/users\/1"}],"replies":[{"embeddable":true,"href":"https:\/\/fmtinkunaco.ar\/index.php?rest_route=%2Fwp%2Fv2%2Fcomments&post=1161"}],"version-history":[{"count":0,"href":"https:\/\/fmtinkunaco.ar\/index.php?rest_route=\/wp\/v2\/posts\/1161\/revisions"}],"wp:attachment":[{"href":"https:\/\/fmtinkunaco.ar\/index.php?rest_route=%2Fwp%2Fv2%2Fmedia&parent=1161"}],"wp:term":[{"taxonomy":"category","embeddable":true,"href":"https:\/\/fmtinkunaco.ar\/index.php?rest_route=%2Fwp%2Fv2%2Fcategories&post=1161"},{"taxonomy":"post_tag","embeddable":true,"href":"https:\/\/fmtinkunaco.ar\/index.php?rest_route=%2Fwp%2Fv2%2Ftags&post=1161"}],"curies":[{"name":"wp","href":"https:\/\/api.w.org\/{rel}","templated":true}]}}