{"id":1164,"date":"2008-12-11T11:10:00","date_gmt":"2008-12-11T13:10:00","guid":{"rendered":"http:\/\/fmtinkunaco.redelivre.org.br\/marcha-contra-el-hambre\/"},"modified":"2008-12-11T11:10:00","modified_gmt":"2008-12-11T13:10:00","slug":"marcha-contra-el-hambre","status":"publish","type":"post","link":"https:\/\/fmtinkunaco.ar\/?p=1164","title":{"rendered":"Marcha contra el hambre"},"content":{"rendered":"<p><a href=\"http:\/\/3.bp.blogspot.com\/_aUP2AqqX_a8\/SUEhSX2-6UI\/AAAAAAAAA3g\/y2jV4jWzqI0\/s1600-h\/4.jpg\"><img decoding=\"async\" style=\"margin: 0pt 10px 10px 0pt;float: left;cursor: pointer;width: 320px;height: 214px\" src=\"http:\/\/3.bp.blogspot.com\/_aUP2AqqX_a8\/SUEhSX2-6UI\/AAAAAAAAA3g\/y2jV4jWzqI0\/s320\/4.jpg\" alt=\"\" id=\"BLOGGER_PHOTO_ID_5278536837780924738\" border=\"0\" \/><\/a><\/p>\n<p>Se nos        mueren, acabaditos de nacer, m\u00e1s de 25 ni\u00f1os antes del nacimiento de las        palabras. Testimonios diarios del hambre, su terrible efecto devastador.        Su indignidad.<\/p>\n<p><span style=\"font-family:Verdana,Arial,Helvetica,sans-serif;font-size:85%\">Estos ni\u00f1os o ni\u00f1as que mueren cada d\u00eda -como        tributos de sangre- no forman parte de ninguna agenda. Los cuerpos de los        peque\u00f1os siempre son un poema, no obstante, para los que sobreviven la        desnutrici\u00f3n los deja mutilados. Miradas perdidas. <em>Vejeces prematuras.        Afectos vac\u00edos, mundos inimaginables. <\/em><\/p>\n<p>El Movimiento Nacional        de los Chicos del Pueblo, junto a CTA y otras organizaciones, marchamos el        12 de diciembre a las 14 horas desde Parque Rivadavia hasta Plaza de Mayo        (17 horas) para decir que el <strong>Hambre es un Crimen<\/strong>. Porque        siendo evitable, no se la evita. Ni\u00f1os, ni\u00f1as y educadores son la        increpante presencia de la ternura en las calles. Una denuncia que suma        pibes de pelos chuzos y la ardiente hermosura de hombres y mujeres.        <\/span><\/p>\n<p><span style=\"font-family:Verdana,Arial,Helvetica,sans-serif;font-size:85%\">S\u00ed,        un pueblo que despierta: <strong>Ni un Pibe Menos<\/strong> es el        grito.<\/p>\n<p><\/span>               <\/p>\n<div align=\"center\"><span style=\"font-family:Arial,Helvetica,sans-serif;font-size:85%\">Alberto        Morlachetti<br \/><strong>Coordinador Nacional<\/p>\n<p><\/strong><strong><\/p>\n<p><\/strong><strong><\/p>\n<p><\/strong><\/span><\/div>\n","protected":false},"excerpt":{"rendered":"<p>Se nos mueren, acabaditos de nacer, m\u00e1s de 25 ni\u00f1os antes del nacimiento de las palabras. Testimonios diarios del hambre, su terrible efecto devastador. Su indignidad. Estos ni\u00f1os o ni\u00f1as que mueren cada d\u00eda -como tributos de sangre- no forman parte de ninguna agenda. Los cuerpos de los peque\u00f1os siempre son un poema, no obstante, [&hellip;]<\/p>\n","protected":false},"author":1,"featured_media":0,"comment_status":"open","ping_status":"open","sticky":false,"template":"","format":"standard","meta":{"footnotes":""},"categories":[8],"tags":[],"class_list":["post-1164","post","type-post","status-publish","format-standard","hentry","category-sem-categoria"],"_links":{"self":[{"href":"https:\/\/fmtinkunaco.ar\/index.php?rest_route=\/wp\/v2\/posts\/1164","targetHints":{"allow":["GET"]}}],"collection":[{"href":"https:\/\/fmtinkunaco.ar\/index.php?rest_route=\/wp\/v2\/posts"}],"about":[{"href":"https:\/\/fmtinkunaco.ar\/index.php?rest_route=\/wp\/v2\/types\/post"}],"author":[{"embeddable":true,"href":"https:\/\/fmtinkunaco.ar\/index.php?rest_route=\/wp\/v2\/users\/1"}],"replies":[{"embeddable":true,"href":"https:\/\/fmtinkunaco.ar\/index.php?rest_route=%2Fwp%2Fv2%2Fcomments&post=1164"}],"version-history":[{"count":0,"href":"https:\/\/fmtinkunaco.ar\/index.php?rest_route=\/wp\/v2\/posts\/1164\/revisions"}],"wp:attachment":[{"href":"https:\/\/fmtinkunaco.ar\/index.php?rest_route=%2Fwp%2Fv2%2Fmedia&parent=1164"}],"wp:term":[{"taxonomy":"category","embeddable":true,"href":"https:\/\/fmtinkunaco.ar\/index.php?rest_route=%2Fwp%2Fv2%2Fcategories&post=1164"},{"taxonomy":"post_tag","embeddable":true,"href":"https:\/\/fmtinkunaco.ar\/index.php?rest_route=%2Fwp%2Fv2%2Ftags&post=1164"}],"curies":[{"name":"wp","href":"https:\/\/api.w.org\/{rel}","templated":true}]}}