{"id":1167,"date":"2008-12-05T12:30:00","date_gmt":"2008-12-05T14:30:00","guid":{"rendered":"http:\/\/fmtinkunaco.redelivre.org.br\/presentacion-del-libro-de-poemas-de-don-fedorio\/"},"modified":"2008-12-05T12:30:00","modified_gmt":"2008-12-05T14:30:00","slug":"presentacion-del-libro-de-poemas-de-don-fedorio","status":"publish","type":"post","link":"https:\/\/fmtinkunaco.ar\/?p=1167","title":{"rendered":"Presentaci\u00f3n del libro de poemas de Don Fedorio"},"content":{"rendered":"<p><a href=\"http:\/\/4.bp.blogspot.com\/_aUP2AqqX_a8\/STlKzxLxlsI\/AAAAAAAAA3Q\/np71w1LnIno\/s1600-h\/metafora.jpg\"><img decoding=\"async\" style=\"margin: 0pt 10px 10px 0pt;float: left;cursor: pointer;width: 234px;height: 320px\" src=\"http:\/\/4.bp.blogspot.com\/_aUP2AqqX_a8\/STlKzxLxlsI\/AAAAAAAAA3Q\/np71w1LnIno\/s320\/metafora.jpg\" alt=\"\" id=\"BLOGGER_PHOTO_ID_5276330691677755074\" border=\"0\" \/><\/a>El s\u00e1bado 6 de diciembre, en el Centro Cultural de la Universidad Nacional de General Sarmiento (UNGS), se realizar\u00e1 la presentaci\u00f3n del libro de Fedorio Kowal \u00abG\u00e9nesis po\u00e9tico y poemas obsesivos\u00bb perteneciente a la colecci\u00f3n de Cuadernos del Centro de las Artes de la UNGS.<\/p>\n<p>El encuentro comenzar\u00e1 a partir de las 19 horas, en Roca 850 sede del Centro Cultural, donde tambi\u00e9n participar\u00e1 la cantante Mercedes Akel, el Ensamble vocal de la UNGS y artistas invitados.<br \/>La entrada es libre y gratuita<\/p>\n<p>Don Fedorio Kowal naci\u00f3 en la ciudad de Barranqueras, provincia del Chaco, un 4 de enero de 1930.<br \/>Fedorio es hijo de padre Ucraniano y madre correntina (Argentina), de chico vivi\u00f3  en la ciudad de Tres Isletas, tambi\u00e9n del Chaco.<\/p>\n<p>Se considera un gran lector, ha leido a la mayoria de los escritores mundiales (antiguos y modernos) de distintas corrientes intelectuales y politicas-sociales.<\/p>\n<p>Artista plastico autodidacta, afincado desde 1951 en Jos\u00e9 C. Paz. Expone sus pinturas desde 1968.<\/p>\n<p>El viernes 9 de junio se realiz\u00f3 en la Sala de Teatro del Centro Cultural de la Universidad Nacional de General Sarmiento un Homenaje a Fedorio Kowal.<br \/>En aquella oportunidad actuaron los m\u00fasicos Oscar Peretto, Gustavo Suarez, Judith Lucena y el coro Amul\u00e9n del Colegio Don Bosco.<\/p>\n<p>Kowal dirije la Revista literaria \u00a8La Tinaja\u00b4 que el mismo financia con su jubilaci\u00f3n y que distribuye en su bicicleta.<\/p>\n<p>El libro de poemas \u00abG\u00e9nesis po\u00e9tico y poemas obsesivos\u00bb, es la primera publicaci\u00f3n de la colecci\u00f3n \u00abCuadernos de las Arte\u00bb, editada por la UNGS.<br \/>El encuentro se desarrollar\u00e1 a partir de las 19, en Roca y Mu\u00f1oz, San Miguel, y contar\u00e1 con la presencia del autor que ofrecer\u00e1 la actuaci\u00f3n de Ensamble, grupo vocal e instrumental de la UNGS, y de m\u00fasicos invitados.<\/p>\n","protected":false},"excerpt":{"rendered":"<p>El s\u00e1bado 6 de diciembre, en el Centro Cultural de la Universidad Nacional de General Sarmiento (UNGS), se realizar\u00e1 la presentaci\u00f3n del libro de Fedorio Kowal \u00abG\u00e9nesis po\u00e9tico y poemas obsesivos\u00bb perteneciente a la colecci\u00f3n de Cuadernos del Centro de las Artes de la UNGS. El encuentro comenzar\u00e1 a partir de las 19 horas, en [&hellip;]<\/p>\n","protected":false},"author":1,"featured_media":0,"comment_status":"open","ping_status":"open","sticky":false,"template":"","format":"standard","meta":{"footnotes":""},"categories":[8],"tags":[],"class_list":["post-1167","post","type-post","status-publish","format-standard","hentry","category-sem-categoria"],"_links":{"self":[{"href":"https:\/\/fmtinkunaco.ar\/index.php?rest_route=\/wp\/v2\/posts\/1167","targetHints":{"allow":["GET"]}}],"collection":[{"href":"https:\/\/fmtinkunaco.ar\/index.php?rest_route=\/wp\/v2\/posts"}],"about":[{"href":"https:\/\/fmtinkunaco.ar\/index.php?rest_route=\/wp\/v2\/types\/post"}],"author":[{"embeddable":true,"href":"https:\/\/fmtinkunaco.ar\/index.php?rest_route=\/wp\/v2\/users\/1"}],"replies":[{"embeddable":true,"href":"https:\/\/fmtinkunaco.ar\/index.php?rest_route=%2Fwp%2Fv2%2Fcomments&post=1167"}],"version-history":[{"count":0,"href":"https:\/\/fmtinkunaco.ar\/index.php?rest_route=\/wp\/v2\/posts\/1167\/revisions"}],"wp:attachment":[{"href":"https:\/\/fmtinkunaco.ar\/index.php?rest_route=%2Fwp%2Fv2%2Fmedia&parent=1167"}],"wp:term":[{"taxonomy":"category","embeddable":true,"href":"https:\/\/fmtinkunaco.ar\/index.php?rest_route=%2Fwp%2Fv2%2Fcategories&post=1167"},{"taxonomy":"post_tag","embeddable":true,"href":"https:\/\/fmtinkunaco.ar\/index.php?rest_route=%2Fwp%2Fv2%2Ftags&post=1167"}],"curies":[{"name":"wp","href":"https:\/\/api.w.org\/{rel}","templated":true}]}}