{"id":1168,"date":"2008-12-02T21:39:00","date_gmt":"2008-12-02T23:39:00","guid":{"rendered":"http:\/\/fmtinkunaco.redelivre.org.br\/comunicado-del-movimiento-chicos-del-pueblo-cta\/"},"modified":"2008-12-02T21:39:00","modified_gmt":"2008-12-02T23:39:00","slug":"comunicado-del-movimiento-chicos-del-pueblo-cta","status":"publish","type":"post","link":"https:\/\/fmtinkunaco.ar\/?p=1168","title":{"rendered":"Comunicado del Movimiento Chicos del pueblo &#8211; CTA"},"content":{"rendered":"<p><span><b><span>Basta de atentados: Defender al Cachorro Humano<\/span><br \/>       <\/b><\/span><span style=\"font-family:Arial,Helvetica,sans-serif;font-size:85%\">Comunicado de Prensa<\/p>\n<p>(APe).- Se nos mueren, acabaditos de nacer, m\u00e1s de 25 ni\u00f1os antes del nacimiento de las palabras. Testimonios diarios del hambre, su terrible efecto devastador. Su indignidad.<\/p>\n<p>Estos ni\u00f1os o ni\u00f1as que mueren cada d\u00eda -como tributos de sangre- no forman parte de ninguna agenda. Los cuerpos de los ni\u00f1os siempre son un poema, no obstante, para los que sobreviven la desnutrici\u00f3n los deja mutilados. Miradas perdidas. Vejeces prematuras. Afectos vac\u00edos, mundos inimaginables.<\/p>\n<p>El Movimiento Nacional de los Chicos del Pueblo, junto a CTA y otras organizaciones, decimos en nuestras marchas que el Hambre es un Crimen. Porque siendo evitable, no se la evita. Pibes, pibas y educadores son la increpante presencia de la ternura en las calles. Una denuncia que suma pibes de pelos chuzos y la ardiente hermosura de hombres y mujeres.<\/p>\n<p><\/span><span style=\"font-family:Arial,Helvetica,sans-serif;font-size:85%\"><b>Quiz\u00e1s por todas estas cosas que denunciamos, la Cronolog\u00eda del horror: <\/b><\/span> <span style=\"font-family:Arial,Helvetica,sans-serif;font-size:85%\"><\/p>\n<p>1) 26\/04: Grupo Comando toma la Escuela Talleres Gr\u00e1ficos Manchita de la Fundaci\u00f3n Pelota de Trapo (Tramita en la Unidad Funcional de Instrucci\u00f3n -UFI N\u00ba 4- del Polo Judicial Descentralizado de Avellaneda).<\/p>\n<p>2) 24\/07: Encapuchados secuestran ni\u00f1o del Hogar Juan XXIII de la Congregaci\u00f3n Don Orione, dici\u00e9ndole que se cese la Campa\u00f1a El Hambre es un Crimen y amenazando incendiar tres edificios de la Fundaci\u00f3n Pelota de Trapo (Tramita en la Unidad Funcional de Instrucci\u00f3n -UFI N\u00ba 4- del Polo Judicial Descentralizado de Avellaneda).<\/p>\n<p>3) 26\/09: Secuestro y golpiza de un joven educador del Hogar Juan XXIII, dici\u00e9ndole que se cese la Campa\u00f1a (Tramita en la Unidad Funcional de Instrucci\u00f3n -UFI N\u00ba 4- del Polo Descentralizado de Avellaneda).<\/p>\n<p>4) 03\/10: Interceptan a educadora del Hogar Juan XXIII y realizan amenazas para que cese la Campa\u00f1a (Tramita en la Unidad Funcional de Instrucci\u00f3n -UFI N\u00ba 17- del Departamento Judicial de Lomas de Zamora).<\/p>\n<p>5)12\/11: Secuestran, golpean y le producen tajos en varias partes de su cuerpo a educadora de la Red El Encuentro en el transcurso de la Marcha que se realizara en La Plata en repudio de la Baja de Imputabilidad, frente a la Gobernaci\u00f3n (Tramita en la Unidad Funcional de Instrucci\u00f3n -UFI N\u00ba 11- del Departamento Judicial de La Plata).<\/p>\n<p>6) 24\/11: Secuestro de la educadora en Jos\u00e9 C. Paz y es dejada en una plaza frente al Cementerio de Chacarita en Capital Federal, tendida boca arriba y narcotizada (Tramita en la Fiscal\u00eda N\u00ba 5 Criminal Federal).<\/p>\n<p>7) 27\/11: Secuestro del educador del Hogar Juan XXIII de la Congregaci\u00f3n Don Orione ya secuestrado el 26\/09, y dejado en Plaza Constituci\u00f3n narcotizado (Tramita en la Unidad Funcional de Instrucci\u00f3n -UFI N\u00ba 2- del Polo Judicial Descentralizado de Avellaneda).<\/p>\n<p>8) 28\/11: Secuestro de un voluntario de la Fundaci\u00f3n Pelota de Trapo y dejado en el hipermercado Coto de Lan\u00fas (Tramita en la Unidad Funcional de Instrucci\u00f3n -UFI N\u00ba 2- del Polo Judicial Descentralizado de Avellaneda).<\/p>\n<p><\/span><span style=\"font-family:Arial,Helvetica,sans-serif;font-size:85%\"><b>La Responsabilidad del Gobierno Provincial y del Gobierno Nacional<\/b><\/span> <span style=\"font-family:Arial,Helvetica,sans-serif;font-size:85%\"><\/p>\n<p>Ambos estados, el provincial y el nacional son responsables primarios de la seguridad de nuestros ni\u00f1os y de nuestros educadores. Por eso hemos tenido entrevistas en el m\u00e1ximo nivel en la Provincia de Buenos Aires, sin resultados. M\u00e1s a\u00fan, el 26 de noviembre nos entrevistamos con el se\u00f1or Gobernador de la Provincia de Buenos Aires, el Ministro de Seguridad y el Ministro de Justicia. Al d\u00eda siguiente -27 de noviembre- se produce un nuevo secuestro.<\/p>\n<p>El 2 de Octubre nos reunimos con el Ministro de Justicia y Seguridad de la Naci\u00f3n, An\u00edbal Fern\u00e1ndez, quien minimiz\u00f3 que los atentados fuesen por la Campa\u00f1a contra el hambre. Propuso colaborar para ayudar a esclarecer los hechos. Hasta ahora sin resultados. Al d\u00eda siguiente de la entrevista, el 3 de Octubre, interceptan y amenazan a educadora del Hogar Juan XXIII.<\/p>\n<p>Lo que sucedi\u00f3 -m\u00e1s all\u00e1 de sus autores que desconocemos- pudo haberse previsto pero el estado, tanto provincial como nacional, cuyo deber es la protecci\u00f3n amorosa del cachorro humano y sus educadores, nos dejaron hu\u00e9rfanos de cuidados, a merced de grupos de tareas que operan con total impunidad.<\/p>\n<p>No podemos ni debemos silenciar que todo ni\u00f1o que muere de hambre muere asesinado. Pero tambi\u00e9n es posible que el miedo se disemine entre nuestras queridas organizaciones, que nos da\u00f1en, que nos lesionen, que nos duela el alma, que nos quieran extinguir. Todo esto es posible. Pero el Hambre seguir\u00e1 siendo un Crimen y no faltar\u00e1n brazos que sostengan el Despertar.<\/p>\n<p><\/span><span style=\"font-family:Arial,Helvetica,sans-serif;font-size:85%\">Alberto Morlachetti<br \/><b>Coordinador Nacional<br \/>Movimiento Nacional de los Chicos del Pueblo<\/b><\/p>\n<p>V\u00edctor de Gennaro<br \/><b>Secretario de Relaciones Institucionales<br \/>Central de los Trabajadores de la Argentina<\/b><\/p>\n<p>Hugo Yasky<br \/><b>Secretario General<br \/>Central de los Trabajadores de la Argentina<\/b><\/span><\/p>\n","protected":false},"excerpt":{"rendered":"<p>Basta de atentados: Defender al Cachorro Humano Comunicado de Prensa (APe).- Se nos mueren, acabaditos de nacer, m\u00e1s de 25 ni\u00f1os antes del nacimiento de las palabras. Testimonios diarios del hambre, su terrible efecto devastador. Su indignidad. Estos ni\u00f1os o ni\u00f1as que mueren cada d\u00eda -como tributos de sangre- no forman parte de ninguna agenda. [&hellip;]<\/p>\n","protected":false},"author":1,"featured_media":0,"comment_status":"open","ping_status":"open","sticky":false,"template":"","format":"standard","meta":{"footnotes":""},"categories":[8],"tags":[],"class_list":["post-1168","post","type-post","status-publish","format-standard","hentry","category-sem-categoria"],"_links":{"self":[{"href":"https:\/\/fmtinkunaco.ar\/index.php?rest_route=\/wp\/v2\/posts\/1168","targetHints":{"allow":["GET"]}}],"collection":[{"href":"https:\/\/fmtinkunaco.ar\/index.php?rest_route=\/wp\/v2\/posts"}],"about":[{"href":"https:\/\/fmtinkunaco.ar\/index.php?rest_route=\/wp\/v2\/types\/post"}],"author":[{"embeddable":true,"href":"https:\/\/fmtinkunaco.ar\/index.php?rest_route=\/wp\/v2\/users\/1"}],"replies":[{"embeddable":true,"href":"https:\/\/fmtinkunaco.ar\/index.php?rest_route=%2Fwp%2Fv2%2Fcomments&post=1168"}],"version-history":[{"count":0,"href":"https:\/\/fmtinkunaco.ar\/index.php?rest_route=\/wp\/v2\/posts\/1168\/revisions"}],"wp:attachment":[{"href":"https:\/\/fmtinkunaco.ar\/index.php?rest_route=%2Fwp%2Fv2%2Fmedia&parent=1168"}],"wp:term":[{"taxonomy":"category","embeddable":true,"href":"https:\/\/fmtinkunaco.ar\/index.php?rest_route=%2Fwp%2Fv2%2Fcategories&post=1168"},{"taxonomy":"post_tag","embeddable":true,"href":"https:\/\/fmtinkunaco.ar\/index.php?rest_route=%2Fwp%2Fv2%2Ftags&post=1168"}],"curies":[{"name":"wp","href":"https:\/\/api.w.org\/{rel}","templated":true}]}}