{"id":1169,"date":"2008-11-21T07:08:00","date_gmt":"2008-11-21T09:08:00","guid":{"rendered":"http:\/\/fmtinkunaco.redelivre.org.br\/en-moreno-tambien-se-escucho-el-hambre-es-un-crimen\/"},"modified":"2008-11-21T07:08:00","modified_gmt":"2008-11-21T09:08:00","slug":"en-moreno-tambien-se-escucho-el-hambre-es-un-crimen","status":"publish","type":"post","link":"https:\/\/fmtinkunaco.ar\/?p=1169","title":{"rendered":"En Moreno tambien se escuch\u00f3: EL HAMBRE ES UN CRIMEN"},"content":{"rendered":"<p>Organizaciones del oeste y sur del conurbano encabezaron una colorida marcha por las calles de Moreno<\/p>\n<p>\u201cDesde la periferia se puede convocar\u201d<\/p>\n<p>por Adrian Figueroa D\u00edaz<\/p>\n<p>Desde las 5 de la tarde, organizaciones sociales que construyen una realidad diferente junto a pibes y pibas del oeste y sur del conurbano, despabilaron la tarde del Barrio La Victoria, de Moreno, para hacer o\u00edr lo que Alumin\u00e9, una educadora de General Rodr\u00edguez, defini\u00f3 como \u201cla consigna que ya es de todos: \u2018el hambre es un crimen\u2019\u201d. Con banderas multicolores, estandartes con consignas como \u201cTrabajo para pap\u00e1\u201d y al ritmo de murgas, los chicos no s\u00f3lo recordaron la necesidad de la vigencia de sus derechos en el D\u00eda Mundial de la Infancia, sino que tambi\u00e9n dejaron en claro cu\u00e1l es su posici\u00f3n frente a la persistencia del gobierno bonaerense de bajar la edad de imputabilidad en el sistema penal juvenil: \u201cScioli, no rompas las pelotas que el hambre es un crimen, los pibes no se tocan\u201d, cantaron por las calles.<\/p>\n<p><a href=\"http:\/\/3.bp.blogspot.com\/_aUP2AqqX_a8\/SSaRuE5W6tI\/AAAAAAAAA2Y\/k5NlCcEyqUA\/s1600-h\/DSC02211.JPG\"><img decoding=\"async\" style=\"margin: 0px auto 10px;text-align: center;cursor: pointer;width: 400px;height: 300px\" src=\"http:\/\/3.bp.blogspot.com\/_aUP2AqqX_a8\/SSaRuE5W6tI\/AAAAAAAAA2Y\/k5NlCcEyqUA\/s400\/DSC02211.JPG\" alt=\"\" id=\"BLOGGER_PHOTO_ID_5271060634658073298\" border=\"0\" \/><\/a><\/p>\n<p>Varios vecinos no aguantaron la curiosidad y asomaron desde los patios donde estaban mateando; algunos aprovecharon para sacar fotograf\u00edas con sus celulares y otros simplemente se dejaron llevar por esa sinfon\u00eda infantil y popular que sonaba por Shakespeare, la calle por donde avanz\u00f3 una de las columnas.<br \/>Peque\u00f1os de Camino Solidario, una organizaci\u00f3n de Moreno, sub\u00edan hasta las veredas para repartir los volantes que ellos y sus educadores armaron, y hasta algunos regalaron sus trabajos: hojas llenas de cuentas de matem\u00e1ticas que hab\u00edan resuelto en el apoyo escolar.<\/p>\n<p>Quienes estuvieron a cargo de la movida fueron adolescentes y j\u00f3venes de las organizaciones de Moreno y General Rodr\u00edguez. Para Juan Olivera, el sacerdote y miembro del Colectivo La Esperanza, la impulsora de la jornada, la marcha \u201cfue importante porque se demostr\u00f3 que desde la periferia se puede convocar\u201d y, adem\u00e1s, porque \u201cpermite que sigamos encontr\u00e1ndonos en nuestros propios lugares\u201d.<\/p>\n<p>Las dos columnas de pibes caminaron 20 cuadras cada una hasta llegar a la Plaza del Barrio Sat\u00e9lite, donde desde un escenario encontraron un espacio en el que fueron los \u00fanicos protagonistas: \u201cBasta de hambre, pero no s\u00f3lo de comida, sino tambi\u00e9n de amor, justicia, comprensi\u00f3n y educaci\u00f3n\u201d, dijo Bel\u00e9n, de Camino Solidario. \u201c\u00bfQu\u00e9 estamos haciendo con los pibes que anestesian sus vidas con drogas, cu\u00e1l es la soluci\u00f3n? \u00bfDesaparecerlos por un tiempo y llevarlos al fr\u00edo de una c\u00e1rcel?\u201d, a\u00f1adi\u00f3 en clara alusi\u00f3n a la baja de la edad de imputabilidad.<br \/>\u201cEs una locura bajar la edad de imputabilidad, con eso no se soluciona nada. Ya sabemos lo que pasa con los pibes que llegan a los institutos, donde caen en el individualismo de tener que robar una zapatilla o comida. La soluci\u00f3n es que ellos vean que sus pap\u00e1s salen de su casa con ropa de trabajo\u201d, grafic\u00f3 Alumin\u00e9 de Ruca Hueney, una organizaci\u00f3n de General Rodr\u00edguez.<br \/>\u201cPor una infancia feliz\u201d, \u201cRopa digna\u201d, \u201cQue no me mate la desnutrici\u00f3n\u201d, \u201cNo a la corrupci\u00f3n\u201d y \u201cQueremos alimentarnos bien\u201d fueron algunos de las pancartas que llevaron los Chicos del Sur, una organizaci\u00f3n de Fiorito que dio el s\u00ed a la convocatoria.<\/p>\n<p><a href=\"http:\/\/2.bp.blogspot.com\/_aUP2AqqX_a8\/SSaUAesMZ9I\/AAAAAAAAA3I\/uMNO-4nIhgw\/s1600-h\/DSC02218.JPG\"><img decoding=\"async\" style=\"margin: 0px auto 10px;text-align: center;cursor: pointer;width: 400px;height: 300px\" src=\"http:\/\/2.bp.blogspot.com\/_aUP2AqqX_a8\/SSaUAesMZ9I\/AAAAAAAAA3I\/uMNO-4nIhgw\/s400\/DSC02218.JPG\" alt=\"\" id=\"BLOGGER_PHOTO_ID_5271063149843081170\" border=\"0\" \/><\/a><br \/>Una de las vecinas que se sum\u00f3 a la convocatoria fue Gladis, la mam\u00e1 de Miguel Da Silva, un pibe de 15 a\u00f1os asesinado por el gatillo f\u00e1cil de un polic\u00eda de la Comisar\u00eda primera de Moreno. \u201cIba caminando con un amigo. La polic\u00eda los par\u00f3 porque dec\u00eda que andaba afanando. Uno les hizo levantar las manos y le tir\u00f3 (a Miguel). Y ah\u00ed se acabaron los sue\u00f1os\u201d, sintetiz\u00f3 la mujer que hace dos a\u00f1os abri\u00f3  \u201cEl rinc\u00f3n de Miguel\u201d, un espacio desde donde intenta \u201cque los chicos no sean v\u00edctimas de un tipo como Sebasti\u00e1n \u00c1lvarez\u201d, el polic\u00eda acusado del crimen que \u201ctodav\u00eda est\u00e1 en libertad\u201d a la espera del juicio que comenzar\u00e1, si nada cambia, el mes pr\u00f3ximo.<\/p>\n<p>La convocatoria fue amplia. \u201cLa consigna \u2018El hambre es un crimen\u2019 convoca, pero tambi\u00e9n tiene una trampa porque si uno se acerca y no es referente, no puede entrar y se hace dif\u00edcil. Aqu\u00ed se ha conseguido hacer un equilibrio entre varias consignas, y sostenerlas, explicarlas, compartirlas y defenderlas\u201d<\/p>\n<p>De la marcha participaron la CTA, ATE y Suteba de Moreno, la juventud de la CTA-Capital y militantes de Proyecto Sur. Y adem\u00e1s de las organizaciones antes mencionadas, miembros del Centro Camino Solidario, Santa Elena, Ni\u00f1o Dios, Balvanera, Hijos del Campo (de Florencio Varela), El Palomar y Che Pibe (de Lomas de Zamora) y el espacio cultural El Culebr\u00f3n Timbal. Todo fue en un clima de alegr\u00eda o en lo que defini\u00f3 la peque\u00f1a Daniela: \u201cEn un marco festivo, que es nuestro estilo de protesta\u201d.<\/p>\n","protected":false},"excerpt":{"rendered":"<p>Organizaciones del oeste y sur del conurbano encabezaron una colorida marcha por las calles de Moreno \u201cDesde la periferia se puede convocar\u201d por Adrian Figueroa D\u00edaz Desde las 5 de la tarde, organizaciones sociales que construyen una realidad diferente junto a pibes y pibas del oeste y sur del conurbano, despabilaron la tarde del Barrio [&hellip;]<\/p>\n","protected":false},"author":1,"featured_media":0,"comment_status":"open","ping_status":"open","sticky":false,"template":"","format":"standard","meta":{"footnotes":""},"categories":[8],"tags":[],"class_list":["post-1169","post","type-post","status-publish","format-standard","hentry","category-sem-categoria"],"_links":{"self":[{"href":"https:\/\/fmtinkunaco.ar\/index.php?rest_route=\/wp\/v2\/posts\/1169","targetHints":{"allow":["GET"]}}],"collection":[{"href":"https:\/\/fmtinkunaco.ar\/index.php?rest_route=\/wp\/v2\/posts"}],"about":[{"href":"https:\/\/fmtinkunaco.ar\/index.php?rest_route=\/wp\/v2\/types\/post"}],"author":[{"embeddable":true,"href":"https:\/\/fmtinkunaco.ar\/index.php?rest_route=\/wp\/v2\/users\/1"}],"replies":[{"embeddable":true,"href":"https:\/\/fmtinkunaco.ar\/index.php?rest_route=%2Fwp%2Fv2%2Fcomments&post=1169"}],"version-history":[{"count":0,"href":"https:\/\/fmtinkunaco.ar\/index.php?rest_route=\/wp\/v2\/posts\/1169\/revisions"}],"wp:attachment":[{"href":"https:\/\/fmtinkunaco.ar\/index.php?rest_route=%2Fwp%2Fv2%2Fmedia&parent=1169"}],"wp:term":[{"taxonomy":"category","embeddable":true,"href":"https:\/\/fmtinkunaco.ar\/index.php?rest_route=%2Fwp%2Fv2%2Fcategories&post=1169"},{"taxonomy":"post_tag","embeddable":true,"href":"https:\/\/fmtinkunaco.ar\/index.php?rest_route=%2Fwp%2Fv2%2Ftags&post=1169"}],"curies":[{"name":"wp","href":"https:\/\/api.w.org\/{rel}","templated":true}]}}