{"id":1172,"date":"2008-11-19T15:33:00","date_gmt":"2008-11-19T17:33:00","guid":{"rendered":"http:\/\/fmtinkunaco.redelivre.org.br\/multitudinario-acto-de-repudio-a-los-aprietes-en-jose-c-paz\/"},"modified":"2008-11-19T15:33:00","modified_gmt":"2008-11-19T17:33:00","slug":"multitudinario-acto-de-repudio-a-los-aprietes-en-jose-c-paz","status":"publish","type":"post","link":"https:\/\/fmtinkunaco.ar\/?p=1172","title":{"rendered":"Multitudinario acto de repudio a los aprietes  en Jos\u00e9 C Paz"},"content":{"rendered":"<p><a href=\"http:\/\/2.bp.blogspot.com\/_aUP2AqqX_a8\/SSRdcP93f3I\/AAAAAAAAAx4\/-_nmWP8ZuGY\/s1600-h\/8.jpg\"><img decoding=\"async\" style=\"margin: 0px auto 10px;text-align: center;cursor: pointer;width: 400px;height: 144px\" src=\"http:\/\/2.bp.blogspot.com\/_aUP2AqqX_a8\/SSRdcP93f3I\/AAAAAAAAAx4\/-_nmWP8ZuGY\/s400\/8.jpg\" alt=\"\" id=\"BLOGGER_PHOTO_ID_5270440203834064754\" border=\"0\" \/><\/a><br \/>Alrededor de mil personas se congregaron este mediod\u00eda en la plaza central de Jos\u00e9 c Paz. Repudiando los atentados sufridos por integrantes del movimiento nacional los chicos del pueblo y reivindicando la campa\u00f1a \u201cEl hambre es un crimen\u201d.<\/p>\n<p>Alrededor de las 10 de la ma\u00f1ana comenzaron a llegar al centro de Jos\u00e9 c paz educadoras y educadores de diferentes barrios de la regi\u00f3n integrantes de la Red El encuentro.<\/p>\n<p>La plaza se encontraba cubierta de consignas en afiches, banderas, globos pasacalles y trabajitos realizados por los propios pibes. Se pod\u00eda leer: El hambre es un crimen, ni un pibe menos, no somos peligrosos estamos en peligro, basta de hambre, no a la baja de la imputabilidad entre alguna de las consignas m\u00e1s importantes.<\/p>\n<p>Desde es escenario se comenzaron a leer las adhesiones de las diferentes organizaciones, sindicatos, movimientos y agrupaciones que fueron llegando en estos d\u00edas, muchas de las cuales se hicieron presentes.<\/p>\n<p>Las educadoras y pibes tambi\u00e9n empezaron a llegar desde el hogar pelota de trapo, la fundaci\u00f3n Che pibe y la Red andando. Y se fueron sumando sindicatos y organizaciones sociales: CTA, SUTEBA, ATE, MTL, Movimiento Evita, trabajadores del hospital Larcade, Fundaci\u00f3n Del Viso, Fundaci\u00f3n Creas, Sofovial, etc.<\/p>\n<p>Tambi\u00e9n se congregaron docentes y vecinos.<br \/>Entre los presentes se encontraba Marta Arriola, ex subsecretaria de ni\u00f1ez, quien sumo su adhesi\u00f3n.<\/p>\n<p>Los primeros en tomar la palabra fueron dos coordinadores de la Red El Encuentro Julio, del centro comunitario Juan Bautista y Marina, del centro comunitario Santa Maria de los \u00c1ngeles \u201cporque decimos no a la injusticia, no a los aprietes, no la impunidad, decimos si a la vida, si a la justicia, si a la dignidad, revindicamos la campa\u00f1a el hambre es un crimen. Y nos pronunciamos en contra del intento de bajar la edad de imputabilidad de los pibes, bajar la edad de imputabilidad de los pibes es una aberraci\u00f3n, no es comprenderlos como sujeto de derechos, como futuro y como presente, como proyecci\u00f3n de sue\u00f1os\u201d<\/p>\n<p><a style=\"font-size: 9px;color: #ccc;text-decoration: none\" target=\"_blank\" href=\"http:\/\/boomp3.com\/listen\/c2z77fott_a\/audio-apertura-acto\" rel=\"noopener\">AUDIO &#8211; Apertura acto<\/a><\/p>\n<p>Despu\u00e9s se continuo con la lectura de las adhesiones hasta que tomo la palabra Diego Chichizola de pelota de trapo \u201cla bronca que nos da que toquen a un compa\u00f1ero, tenemos que estar juntos compa\u00f1eros\u2026nosotros estamos convencidos de que este quinto atentado que sufrimos tiene que ver con el trabajo que venimos haciendo en nuestros centros\u2026no son m\u00e1s institutos, no son m\u00e1s c\u00e1rceles para los pobres, son organizaciones populares que salen a abrazar a los pibes, que salen a decir el hambre es un crimen\u201d.<\/p>\n<p>Para cerrar el acto las coordinadoras de la Red El Encuentro se pronunciaron \u201clos coordinadores de la red el encuentro como educadores comunitarios le venimos a decir no al hambre de nuestros pibes, no a la imputabilidad de los menores, y le decimos a los que operan desde la sombra que no les tenemos miedo y que vamos a seguir marchando por nuestros pibes, porque no queremos que nuestros pibes se mueran de hambre, ni revuelvan la basura para poder comer, queremos un pa\u00eds digno para ellos, estamos convencidos que nos merecemos un pa\u00eds digno para ellos..Nosotros decimos que con ternura venceremos\u2026hay que hacer algo ahora, los pibes necesitan una vivienda hoy, no proyectos a largo plazo, los pibes tienen hambre hoy, por favor escuchen todo lo que ellos piden..\u201d<\/p>\n<p><a style=\"font-size: 9px;color: #ccc;text-decoration: none\" target=\"_blank\" href=\"http:\/\/boomp3.com\/listen\/c2z71liym_f\/audio-coordinadoras-red\" rel=\"noopener\">AUDIO &#8211; Coordinadoras Red<\/a><\/p>\n<p>Finalmente cerraron el acto las murgas presentes.<\/p>\n<p>ATENTADO<\/p>\n<p>El \u00faltimo de los atentados ocurri\u00f3 el 12 de noviembre en la ciudad de la plata cuando organizaciones integrantes del movimiento nacional chicos del pueblo se movilizaban a la gobernaci\u00f3n contra la baja de imputabilidad de los menores. Una compa\u00f1era de la Red El Encuentro fue secuestrada y torturada bajo la amenaza \u201csi a ustedes les gusta joder a nosotros m\u00e1s\u201d<\/p>\n<p>Adhesiones:<\/p>\n<p>madres de plaza de mayo l\u00ednea fundadora, serpaj \u2013 Adolfo P\u00e9rez Esquivel, Vicente Zito Lema, UTPBA, FETERA, SUTEBA, consejo directivo m\u00e9dicos del mundo, ATE, CTA, Red andando, asociaci\u00f3n argentina de actores, movimiento libres del sur, movimientos barrios de pie, movimiento evita, organizaciones libres del pueblo, asamblea permanente por los derechos de la ni\u00f1ez, fundaci\u00f3n Creas, centro de la artes de la universidad nacional de general sarmiento, comisi\u00f3n por la recuperaci\u00f3n de la memoria de campo de mayo, biblioteca inti huasi, Comisi\u00f3n de los pueblos originarios de la UNLU, Foro provincial por los derechos de la ni\u00f1ez,  Asamblea permanente por los derechos humanos Rosario, abuelas de plaza de mayo \u2013 filial mar del plata, diputada provincial Valeria Amendolara, Caritas Quilmas, asociaci\u00f3n civil las diversas, Fundaci\u00f3n Del viso, Save The Children, Asociaci\u00f3n mutual primavera, Union de familias obreras, trabajadores del hospital Larcade, SUTEBA General Sarmiento, MTD Oscar Barrios, liga argentina por los derechos del hombre..entre otras<\/p>\n","protected":false},"excerpt":{"rendered":"<p>Alrededor de mil personas se congregaron este mediod\u00eda en la plaza central de Jos\u00e9 c Paz. Repudiando los atentados sufridos por integrantes del movimiento nacional los chicos del pueblo y reivindicando la campa\u00f1a \u201cEl hambre es un crimen\u201d. Alrededor de las 10 de la ma\u00f1ana comenzaron a llegar al centro de Jos\u00e9 c paz educadoras [&hellip;]<\/p>\n","protected":false},"author":1,"featured_media":0,"comment_status":"open","ping_status":"open","sticky":false,"template":"","format":"standard","meta":{"footnotes":""},"categories":[8],"tags":[],"class_list":["post-1172","post","type-post","status-publish","format-standard","hentry","category-sem-categoria"],"_links":{"self":[{"href":"https:\/\/fmtinkunaco.ar\/index.php?rest_route=\/wp\/v2\/posts\/1172","targetHints":{"allow":["GET"]}}],"collection":[{"href":"https:\/\/fmtinkunaco.ar\/index.php?rest_route=\/wp\/v2\/posts"}],"about":[{"href":"https:\/\/fmtinkunaco.ar\/index.php?rest_route=\/wp\/v2\/types\/post"}],"author":[{"embeddable":true,"href":"https:\/\/fmtinkunaco.ar\/index.php?rest_route=\/wp\/v2\/users\/1"}],"replies":[{"embeddable":true,"href":"https:\/\/fmtinkunaco.ar\/index.php?rest_route=%2Fwp%2Fv2%2Fcomments&post=1172"}],"version-history":[{"count":0,"href":"https:\/\/fmtinkunaco.ar\/index.php?rest_route=\/wp\/v2\/posts\/1172\/revisions"}],"wp:attachment":[{"href":"https:\/\/fmtinkunaco.ar\/index.php?rest_route=%2Fwp%2Fv2%2Fmedia&parent=1172"}],"wp:term":[{"taxonomy":"category","embeddable":true,"href":"https:\/\/fmtinkunaco.ar\/index.php?rest_route=%2Fwp%2Fv2%2Fcategories&post=1172"},{"taxonomy":"post_tag","embeddable":true,"href":"https:\/\/fmtinkunaco.ar\/index.php?rest_route=%2Fwp%2Fv2%2Ftags&post=1172"}],"curies":[{"name":"wp","href":"https:\/\/api.w.org\/{rel}","templated":true}]}}