{"id":1174,"date":"2008-11-16T15:12:00","date_gmt":"2008-11-16T17:12:00","guid":{"rendered":"http:\/\/fmtinkunaco.redelivre.org.br\/paro-en-el-hospital-larcade\/"},"modified":"2008-11-16T15:12:00","modified_gmt":"2008-11-16T17:12:00","slug":"paro-en-el-hospital-larcade","status":"publish","type":"post","link":"https:\/\/fmtinkunaco.ar\/?p=1174","title":{"rendered":"Paro en el Hospital Larcade"},"content":{"rendered":"<p>A continuaci\u00f3n transcribimos un comunidado de prensa que nos enviaron los trabajadores del hospital Larcade:<\/p>\n<p><a href=\"http:\/\/4.bp.blogspot.com\/_aUP2AqqX_a8\/SSBkgfIg6hI\/AAAAAAAAAw4\/cL5XdInCvjs\/s1600-h\/DSCN8939.JPG\"><img decoding=\"async\" style=\"margin: 0pt 10px 10px 0pt;float: left;cursor: pointer;width: 200px;height: 150px\" src=\"http:\/\/4.bp.blogspot.com\/_aUP2AqqX_a8\/SSBkgfIg6hI\/AAAAAAAAAw4\/cL5XdInCvjs\/s200\/DSCN8939.JPG\" alt=\"\" id=\"BLOGGER_PHOTO_ID_5269322073299282450\" border=\"0\" \/><\/a><span lang=\"ES\">Los trabajadores del Hospital Ra\u00fal F. LARCADE de San Miguel, nos encontramos en Plan de Lucha, reclam\u00e1ndoles a las <\/span><span lang=\"ES\">autoridades municipales lo mismo que se le reconoce al resto de los <\/span><span lang=\"ES\">trabajadores de la comuna sanmiguelina:<\/span><\/p>\n<p><\/p>\n<p><\/p>\n<p><span lang=\"ES\"><br \/><\/span><\/p>\n<ul style=\"margin-top: 0cm\" type=\"disc\">\n<li><b><span lang=\"ES\">Recategorizaci\u00f3n<\/span><\/b><span lang=\"ES\">: otorgamiento de categor\u00edas para el personal No Profesional de      esta dependencia municipal, debido a una postergaci\u00f3n hist\u00f3rica de la cual      somos objeto.<\/span><\/li>\n<li><b><span lang=\"ES\">Bonificaci\u00f3n por tarea      riesgosa de un 30 %:<\/span><\/b><span lang=\"ES\"> nuestro trabajo cotidiano      con pacientes con enfermedades infecto-contagiosas (Tuberculosis,      Hepatitis B y C, HIV, etc.) agravados <\/span><span lang=\"ES\">por el riesgo de manipular material      punzo-cortante (agujas, bistur\u00eds, etc.) nos lleva a la conformaci\u00f3n de una      poblaci\u00f3n laboral de riesgo en contraer estas patolog\u00edas.<\/span><\/li>\n<li><b><span lang=\"ES\">Nombramientos a <\/span><\/b><b><span lang=\"ES\">la Planta<\/span><\/b><b><span lang=\"ES\"> Permanente<\/span><\/b><span lang=\"ES\">: solicitamos la efectivizaci\u00f3n de los casi 200 trabajadores      flexibilizados del Larcade que, bajo la figura de becarios, carecen de      todo tipo de derechos laborales.<\/span><\/li>\n<\/ul>\n<p><span lang=\"ES\"> <\/span><\/p>\n<p><span lang=\"ES\">Las autoridades municipales recibieron a <\/span><span lang=\"ES\">la Comisi\u00f3n<\/span><span lang=\"ES\"> Directiva<\/span><span lang=\"ES\"> de nuestro Sindicato el d\u00eda martes 11, realizando una propuesta para los trabajadores del Larcade. Tal proposici\u00f3n fue informada y debatida en asamblea. Y con excepci\u00f3n de la oferta realizada sobre el \u00cdtem: Nombramientos, el resto de los puntos (Categor\u00edas y<\/span><span lang=\"ES\"> Bonificaci\u00f3n) fueron considerados <b>insuficientes<\/b> por los compa\u00f1eros del Hospital y que tales ofrecimientos no alcanzaban, siquiera para debatir la decisi\u00f3n tomada de realizar un PARO de 24 horas para el d\u00eda jueves 13, medida de fuerza que se llev\u00f3 a cabo con una asamblea masiva. Tal reuni\u00f3n de trabajadores municipales mantuvo firmemente la decisi\u00f3n de reclamar a las autoridades municipales los objetivos que detallamos anteriormente, votando la continuidad del Plan de Lucha a trav\u00e9s de las siguientes medidas de fuerza:<\/span><\/p>\n<p style=\"text-align: center\" align=\"center\"><span style=\"font-size:130%\"><b><span lang=\"ES\">PARO de 24 horas el Jueves 20 de Noviembre con <\/span><\/b><\/span><\/p>\n<p style=\"text-align: center\" align=\"center\"><b><span lang=\"ES\" style=\"font-size:14\"><span style=\"font-size:130%\">asamblea permanente desde las 8 de la ma\u00f1ana en el Hospital.<\/span><\/span><\/b><\/p>\n<p><span lang=\"ES\">Convocamos a todos los compa\u00f1eros a solidarizarse con nuestra lucha.<\/span><\/p>\n<p><span lang=\"ES\"> <\/span><\/p>\n<p><span lang=\"ES\">Leonardo Sandoval<\/span><\/p>\n<p><span lang=\"ES\">Delegado Sindical Htal. Larcade<\/span><\/p>\n","protected":false},"excerpt":{"rendered":"<p>A continuaci\u00f3n transcribimos un comunidado de prensa que nos enviaron los trabajadores del hospital Larcade: Los trabajadores del Hospital Ra\u00fal F. LARCADE de San Miguel, nos encontramos en Plan de Lucha, reclam\u00e1ndoles a las autoridades municipales lo mismo que se le reconoce al resto de los trabajadores de la comuna sanmiguelina: Recategorizaci\u00f3n: otorgamiento de categor\u00edas [&hellip;]<\/p>\n","protected":false},"author":1,"featured_media":0,"comment_status":"open","ping_status":"open","sticky":false,"template":"","format":"standard","meta":{"footnotes":""},"categories":[8],"tags":[],"class_list":["post-1174","post","type-post","status-publish","format-standard","hentry","category-sem-categoria"],"_links":{"self":[{"href":"https:\/\/fmtinkunaco.ar\/index.php?rest_route=\/wp\/v2\/posts\/1174","targetHints":{"allow":["GET"]}}],"collection":[{"href":"https:\/\/fmtinkunaco.ar\/index.php?rest_route=\/wp\/v2\/posts"}],"about":[{"href":"https:\/\/fmtinkunaco.ar\/index.php?rest_route=\/wp\/v2\/types\/post"}],"author":[{"embeddable":true,"href":"https:\/\/fmtinkunaco.ar\/index.php?rest_route=\/wp\/v2\/users\/1"}],"replies":[{"embeddable":true,"href":"https:\/\/fmtinkunaco.ar\/index.php?rest_route=%2Fwp%2Fv2%2Fcomments&post=1174"}],"version-history":[{"count":0,"href":"https:\/\/fmtinkunaco.ar\/index.php?rest_route=\/wp\/v2\/posts\/1174\/revisions"}],"wp:attachment":[{"href":"https:\/\/fmtinkunaco.ar\/index.php?rest_route=%2Fwp%2Fv2%2Fmedia&parent=1174"}],"wp:term":[{"taxonomy":"category","embeddable":true,"href":"https:\/\/fmtinkunaco.ar\/index.php?rest_route=%2Fwp%2Fv2%2Fcategories&post=1174"},{"taxonomy":"post_tag","embeddable":true,"href":"https:\/\/fmtinkunaco.ar\/index.php?rest_route=%2Fwp%2Fv2%2Ftags&post=1174"}],"curies":[{"name":"wp","href":"https:\/\/api.w.org\/{rel}","templated":true}]}}