{"id":1175,"date":"2008-11-14T20:42:00","date_gmt":"2008-11-14T22:42:00","guid":{"rendered":"http:\/\/fmtinkunaco.redelivre.org.br\/convocatoria\/"},"modified":"2008-11-14T20:42:00","modified_gmt":"2008-11-14T22:42:00","slug":"convocatoria","status":"publish","type":"post","link":"https:\/\/fmtinkunaco.ar\/?p=1175","title":{"rendered":"CONVOCATORIA"},"content":{"rendered":"<div style=\"border-style: none none solid;border-color: -moz-use-text-color -moz-use-text-color windowtext;border-width: medium medium 1pt;padding: 0cm 0cm 1pt\">\n<p style=\"border: medium none;margin: 0cm 0cm 0pt;padding: 0cm;text-indent: 35.4pt;text-align: center\" align=\"center\"><span style=\"font-size: 24pt;font-family: 'Graphite Light ATT'\"><span style=\"font-family:Arial;font-size:85%\"><img loading=\"lazy\" decoding=\"async\" src=\"http:\/\/ar.f501.mail.yahoo.com\/ya\/download\/ar\/ShowLetter?box=Inbox&amp;MsgId=7706_65922473_3401190_2161_7788_0_53266_22027_220313130&amp;bodyPart=2&amp;YY=39905&amp;y5beta=yes&amp;y5beta=yes&amp;order=down&amp;sort=date&amp;pos=0&amp;Idx=1\" width=\"175\" height=\"87\" \/><span><span style=\"font-family:Times New Roman\">                                        <\/span><\/span><\/span><\/span><span style=\"font-family:Arial;font-size:85%\"><span style=\"font-family:Times New Roman\"><span style=\"font-size: 10pt;font-family: Verdana\"><img loading=\"lazy\" decoding=\"async\" src=\"http:\/\/ar.f501.mail.yahoo.com\/ya\/download\/ar\/ShowLetter?box=Inbox&amp;MsgId=7706_65922473_3401190_2161_7788_0_53266_22027_220313130&amp;bodyPart=3&amp;YY=39905&amp;y5beta=yes&amp;y5beta=yes&amp;order=down&amp;sort=date&amp;pos=0&amp;Idx=1\" width=\"179\" height=\"95\" \/><\/span><\/span><\/span><span style=\"font-size: 24pt;font-family: 'Graphite Light ATT'\"><span style=\"font-family:Arial;font-size:85%\"><span><span style=\"font-family:Times New Roman\">        <\/span><\/span><\/span><\/span><span style=\"font-family:Arial;font-size:85%\"><span style=\"font-family:Times New Roman\"><span style=\"font-size: 10pt;font-family: Verdana\"><\/span><\/span><\/span><span style=\"font-size: 24pt;font-family: 'Graphite Light ATT'\"><span style=\"font-family:Arial;font-size:85%\"><span><span style=\"font-family:Times New Roman\">             <\/span><\/span><\/span><\/span><span style=\"font-family:Arial;font-size:85%\"><span style=\"font-family:Times New Roman\"><span style=\"font-size: 10pt;font-family: Verdana\"><\/span><span style=\"font-size: 24pt;font-family: 'Graphite Light ATT'\">  <\/span><\/span><\/span><\/p>\n<p><span style=\"font-family:Arial;font-size:85%\">  <\/span><\/p>\n<p style=\"border: medium none;margin: 0cm 0cm 0pt;padding: 0cm;text-indent: 35.4pt\"><span style=\"font-family:Arial;font-size:85%\"><b><span style=\"font-size: 10pt;font-family: 'Arial Narrow'\" lang=\"ES-TRAD\"><span>      <\/span><span>              <\/span><span>    <\/span><\/span><\/b><b><span style=\"font-family: 'Arial Narrow'\" lang=\"ES-TRAD\"><span style=\"font-size:100%\">EL  ENCUENTRO,<\/span><\/span><\/b><\/span><\/p>\n<p><span style=\"font-family:Arial;font-size:85%\">  <\/span><\/p>\n<p style=\"border: medium none;margin: 0cm 0cm 0pt;padding: 0cm\"><span style=\"font-family:Arial;font-size:85%\"><b><span style=\"font-size: 10pt;font-family: 'Arial Narrow'\" lang=\"ES-TRAD\"><span>           <\/span><span>             <\/span><span>  <\/span>RED DE CENTROS<span>  <\/span>COMUNITARIOS<\/span><\/b><b><span style=\"font-size: 10pt;font-family: 'Comic Sans MS'\" lang=\"ES-TRAD\">.<\/span><\/b><\/span><\/p>\n<\/div>\n<p><span style=\"font-family:Arial;font-size:85%\">  <\/span><\/p>\n<p style=\"margin: 0cm 0cm 16.2pt;text-align: right\" align=\"right\"><span style=\"font-family:Arial;font-size:85%\"><b><span style=\"font-family: 'Arial Narrow'\" lang=\"ES-TRAD\"><span style=\"font-size:100%\"><span> <\/span><\/span><\/span><\/b><\/span><\/p>\n<p><span style=\"font-family:Arial;font-size:85%\">  <\/span><\/p>\n<p style=\"margin: 0cm 0cm 16.2pt;text-align: right\" align=\"right\"><span style=\"font-family:Arial;font-size:85%\"><b><span style=\"font-family: 'Arial Narrow'\" lang=\"ES-TRAD\"><span style=\"font-size:100%\">Jos\u00e9 C. Paz, viernes 14 de noviembre de  2008<\/span><\/span><\/b><\/span><\/p>\n<p><span style=\"font-family:Arial;font-size:85%\">  <\/span><\/p>\n<p style=\"margin: 0cm 0cm 16.2pt;text-align: center\" align=\"center\"><span style=\"font-family:Arial;font-size:85%\"><b><span style=\"font-size: 14pt;font-family: 'Arial Narrow'\">ACTO  EN REPUDIO POR UN NUEVO ATENTADO COMETIDO CONTRA EL MOVIMIENTO NACIONAL CHICOS  DEL PUEBLO<\/span><\/b><\/span><\/p>\n<p><span style=\"font-family:Arial;font-size:85%\">  <\/span><\/p>\n<p style=\"margin: 0cm 0cm 16.2pt;text-align: center\" align=\"center\"><span style=\"font-family:Arial;font-size:85%\"><b><span style=\"font-size: 11pt;font-family: 'Arial Narrow'\">REIVINDICAMOS    LA CAMPA\u00d1A  \u201cEL HAMBRE ES UN CRIMEN\u201d Y NOS PRONUNCIAMOS EN CONTRA DEL INTENTO POR BAJAR    LA EDAD DE IMPUTABILIDAD  DE LOS PIBES <\/span><\/b><b><span style=\"font-size: 10pt;font-family: 'Arial Narrow'\"><\/span><\/b><\/span><\/p>\n<p><span style=\"font-family:Arial;font-size:85%\">  <\/span><\/p>\n<p style=\"margin: 0cm 0cm 16.2pt;text-align: justify\"><span style=\"font-family:Arial;font-size:85%\"><b><span style=\"font-family: 'Arial Narrow'\" lang=\"ES-AR\"><span style=\"font-size:100%\">Queremos encontrarnos para repudiar el nuevo atentado cometido contra el  Movimiento Nacional Chicos del Pueblo\u2026 para juntar fuerzas y tejer esperanzas\u2026  para decir BASTA.<span>   <\/span><\/span><\/span><\/b><\/span><\/p>\n<p><span style=\"font-family:Arial;font-size:85%\">  <\/span><\/p>\n<p style=\"margin: 0cm 0cm 16.2pt;text-align: justify\"><span style=\"font-family:Arial;font-size:85%\"><b><span style=\"font-family: 'Arial Narrow'\" lang=\"ES-AR\"><span style=\"font-size:100%\">El hambre es un crimen, como muchos otros que se cometen impunemente en  esta sociedad. Bajar la edad de imputabilidad de los pibes es una aberraci\u00f3n, es  no comprender a los pibes como sujetos de Derecho, como futuro y como presente,  como proyecci\u00f3n de sue\u00f1os.<\/span><\/span><\/b><\/span><\/p>\n<p><span style=\"font-family:Arial;font-size:85%\">  <\/span><\/p>\n<p style=\"margin: 0cm 0cm 16.2pt;text-align: justify\"><span style=\"font-family:Arial;font-size:85%\"><span style=\"font-size:100%\"><b><span style=\"font-family: 'Arial Narrow'\" lang=\"ES-AR\">Los que as\u00ed lo  entendemos no bajamos los brazos ante la injusticia. Nos organizamos, luchamos y  marchamos. Por esto, por el trabajo que d\u00eda a d\u00eda llevamos adelante con nuestros  pibes y pibas y por nuestras convicciones, hemos sufrido atentados en los  \u00faltimos meses. El \u00faltimo, e<\/span><\/b><strong><span style=\"font-family: 'Arial Narrow'\" lang=\"ES-AR\">l  d\u00eda mi\u00e9rcoles 12 de noviembre en pleno acto contra  la Baja de  la Edad de Imputabilidad, a metros de Casa  de Gobierno de la provincia, en  La Plata.  <\/span><\/strong><\/span><\/span><\/p>\n<p><span style=\"font-family:Arial;font-size:85%\">  <\/span><\/p>\n<p style=\"margin: 12pt 0cm 0pt;text-align: justify\"><span style=\"font-family:Arial;font-size:85%\"><b><span style=\"font-family: 'Arial Narrow'\" lang=\"ES-AR\"><span style=\"font-size:100%\">Este  es el quinto atentado que sufrimos los compa\u00f1eros del Movimiento Nacional Chicos  del Pueblo y nos preguntamos: HASTA CUANDO vamos a seguir expuestos a tremenda  impunidad, con un gobierno que no da se\u00f1ales de vida o que cuando las da es con  m\u00e1s mano dura, enfrentando las consecuencias de la injusticia y no sus causas.  <\/span><\/span><\/b><\/span><\/p>\n<p><span style=\"font-family:Arial;font-size:85%\">  <\/span><\/p>\n<p style=\"margin: 12pt 0cm 16.2pt;text-align: justify\"><span style=\"font-family:Arial;font-size:85%\"><strong><span style=\"font-family: 'Arial Narrow'\" lang=\"ES-AR\"><span style=\"font-size:100%\">Los convocamos al Acto en Repudio a los atentados que sufrimos y en favor  de la vida y la dignidad. Nos encontraremos el proximo <u>mi\u00e9rcoles 19 de  noviembre a las 10 hs. en la  Plaza M. Belgrano sobre Av. Altube y Gelly Obes<\/u>, a pocas  cuadras de la  Estaci\u00f3n de Jos\u00e9 C. Paz. <\/span><\/span><\/strong><\/span><\/p>\n<p><span style=\"font-family:Arial;font-size:85%\">  <\/span><\/p>\n<p style=\"margin: 0cm 0cm 0pt;text-align: justify\"><span style=\"font-family:Arial;font-size:85%\"><strong><span style=\"font-family: 'Arial Narrow'\" lang=\"ES-AR\"><span style=\"font-size:100%\">Queremos seguir construyendo un pa\u00eds con lugar para todos y todas,  so\u00f1ando una sociedad de semejantes, con tolerancia y sin aprietes.  <\/span><\/span><\/strong><\/span><\/p>\n<p><span style=\"font-family:Arial;font-size:85%\">  <\/span><\/p>\n<p style=\"margin: 0cm 0cm 0pt;text-align: justify\"><span style=\"font-family:Arial;font-size:85%\"><strong><span style=\"font-family: 'Arial Narrow'\" lang=\"ES-AR\"><span style=\"font-size:100%\"> <\/span><\/span><\/strong><\/span><\/p>\n<p><span style=\"font-family:Arial;font-size:85%\">  <\/span><\/p>\n<p style=\"margin: 0cm 0cm 0pt;text-align: center\" align=\"center\"><span style=\"font-family:Arial;font-size:85%\"><strong><span style=\"font-size: 14pt;font-family: 'Arial Narrow'\" lang=\"ES-AR\">Porque  los pibes no son peligrosos, est\u00e1n en peligro!<\/span><\/strong><b><span style=\"font-size: 14pt;font-family: 'Arial Narrow'\"><\/span><\/b><\/span><\/p>\n<p><span style=\"font-family:Arial;font-size:85%\">  <\/span><\/p>\n<p style=\"margin: 0cm 0cm 0pt;text-align: right\" align=\"right\"><span style=\"font-family:Arial;font-size:85%\"><b><span style=\"font-family: 'Arial Narrow'\"><span style=\"font-size:100%\"> <\/span><\/span><\/b><\/span><\/p>\n<p><span style=\"font-family:Arial;font-size:85%\">  <\/span><\/p>\n<p style=\"margin: 0cm 0cm 0pt;text-align: right\" align=\"right\"><span style=\"font-family:Arial;font-size:85%\"><b><span style=\"font-family: 'Arial Narrow'\"><span style=\"font-size:100%\">Red El Encuentro <\/span><\/span><\/b><\/span><\/p>\n<p><span style=\"font-family:Arial;font-size:85%\">  <\/span><\/p>\n<p style=\"margin: 0cm 0cm 0pt;text-align: right\" align=\"right\"><span style=\"font-family:Arial;font-size:85%\"><b><span style=\"font-family: 'Arial Narrow'\"><span style=\"font-size:100%\"><span> <\/span>Movimiento Nacional de los  Chicos del Pueblo<\/span><\/span><\/b><\/span><\/p>\n<p><span style=\"font-family:Arial;font-size:85%\">  <\/span><\/p>\n<p style=\"margin: 0cm 0cm 0pt;text-align: justify\"><span style=\"font-family:Arial;font-size:85%\"><b><span style=\"font-family: 'Arial Narrow'\"><span style=\"font-size:100%\"> <\/span><\/span><\/b><\/span><\/p>\n<p><span style=\"font-family:Arial;font-size:85%\">  <\/span><\/p>\n<p style=\"margin: 0cm 0cm 0pt;text-align: justify\"><span style=\"font-family:Arial;font-size:85%\"><b><span style=\"font-family: 'Arial Narrow'\"><span style=\"font-size:100%\"> <\/span><\/span><\/b><\/span><\/p>\n<p><span style=\"font-family:Arial;font-size:85%\">  <\/span> <\/p>\n<p style=\"border: medium none;margin: 0cm 0cm 0pt;padding: 0cm;text-align: center\" align=\"center\"><span style=\"font-family:Arial;font-size:85%\"><b><span style=\"font-family: 'Arial Narrow'\"><span style=\"font-size:100%\">Mas informaci\u00f3n: 02320-430677 \/ 426786 \/\/ 15-5647-37-50 \/\/  15-6253-1643<\/span><\/span><\/b><\/span><\/p>\n<p><span style=\"font-family:Arial;font-size:85%\">  <\/span><span style=\"font-family:Arial;font-size:85%\"><b><span style=\"font-family: 'Arial Narrow'\"><a rel=\"nofollow noopener\" target=\"_blank\" href=\"http:\/\/ar.f501.mail.yahoo.com\/ym\/Compose?To=redelencuentro@telered.com.ar\"><span style=\"font-size:100%\">redelencuentro@telered.com.ar<\/span><\/a><\/span><\/b><\/span><\/p>\n","protected":false},"excerpt":{"rendered":"<p>EL ENCUENTRO, RED DE CENTROS COMUNITARIOS. Jos\u00e9 C. Paz, viernes 14 de noviembre de 2008 ACTO EN REPUDIO POR UN NUEVO ATENTADO COMETIDO CONTRA EL MOVIMIENTO NACIONAL CHICOS DEL PUEBLO REIVINDICAMOS LA CAMPA\u00d1A \u201cEL HAMBRE ES UN CRIMEN\u201d Y NOS PRONUNCIAMOS EN CONTRA DEL INTENTO POR BAJAR LA EDAD DE IMPUTABILIDAD DE LOS PIBES Queremos [&hellip;]<\/p>\n","protected":false},"author":1,"featured_media":0,"comment_status":"open","ping_status":"open","sticky":false,"template":"","format":"standard","meta":{"footnotes":""},"categories":[8],"tags":[],"class_list":["post-1175","post","type-post","status-publish","format-standard","hentry","category-sem-categoria"],"_links":{"self":[{"href":"https:\/\/fmtinkunaco.ar\/index.php?rest_route=\/wp\/v2\/posts\/1175","targetHints":{"allow":["GET"]}}],"collection":[{"href":"https:\/\/fmtinkunaco.ar\/index.php?rest_route=\/wp\/v2\/posts"}],"about":[{"href":"https:\/\/fmtinkunaco.ar\/index.php?rest_route=\/wp\/v2\/types\/post"}],"author":[{"embeddable":true,"href":"https:\/\/fmtinkunaco.ar\/index.php?rest_route=\/wp\/v2\/users\/1"}],"replies":[{"embeddable":true,"href":"https:\/\/fmtinkunaco.ar\/index.php?rest_route=%2Fwp%2Fv2%2Fcomments&post=1175"}],"version-history":[{"count":0,"href":"https:\/\/fmtinkunaco.ar\/index.php?rest_route=\/wp\/v2\/posts\/1175\/revisions"}],"wp:attachment":[{"href":"https:\/\/fmtinkunaco.ar\/index.php?rest_route=%2Fwp%2Fv2%2Fmedia&parent=1175"}],"wp:term":[{"taxonomy":"category","embeddable":true,"href":"https:\/\/fmtinkunaco.ar\/index.php?rest_route=%2Fwp%2Fv2%2Fcategories&post=1175"},{"taxonomy":"post_tag","embeddable":true,"href":"https:\/\/fmtinkunaco.ar\/index.php?rest_route=%2Fwp%2Fv2%2Ftags&post=1175"}],"curies":[{"name":"wp","href":"https:\/\/api.w.org\/{rel}","templated":true}]}}