{"id":1176,"date":"2008-11-14T07:22:00","date_gmt":"2008-11-14T09:22:00","guid":{"rendered":"http:\/\/fmtinkunaco.redelivre.org.br\/pronunciamiento-de-la-red-el-encuentro\/"},"modified":"2008-11-14T07:22:00","modified_gmt":"2008-11-14T09:22:00","slug":"pronunciamiento-de-la-red-el-encuentro","status":"publish","type":"post","link":"https:\/\/fmtinkunaco.ar\/?p=1176","title":{"rendered":"Pronunciamiento de la Red El Encuentro"},"content":{"rendered":"<div style=\"border-style: none none solid;border-color: -moz-use-text-color -moz-use-text-color windowtext;border-width: medium medium 0.5pt;padding: 0cm 0cm 1pt\">\n<p style=\"border: medium none;margin: 0cm 0cm 0pt;padding: 0cm;text-align: center\" align=\"center\"><span style=\"font-family: 'Graphite Light ATT'\" lang=\"ES-TRAD\"><img loading=\"lazy\" decoding=\"async\" src=\"http:\/\/ar.f501.mail.yahoo.com\/ya\/download\/ar\/ShowLetter?box=Inbox&amp;MsgId=8370_64644824_3370329_2387_3737_0_53172_13254_94150588&amp;bodyPart=2&amp;YY=87933&amp;y5beta=yes&amp;y5beta=yes&amp;order=down&amp;sort=date&amp;pos=0&amp;Idx=12\" width=\"92\" height=\"57\" \/><\/span><span style=\"font-size: 8pt\" lang=\"ES-TRAD\"><span style=\"font-family:Comic Sans MS\">EL  ENCUENTRO, <\/span><\/span><\/p>\n<p style=\"border: medium none;margin: 0cm 0cm 0pt;padding: 0cm;text-align: center\" align=\"center\"><span style=\"font-size: 8pt\" lang=\"ES-TRAD\"><span style=\"font-family:Comic Sans MS\">RED DE CENTROS<span>   <\/span>COMUNITARIOS.<\/span><\/span><\/p>\n<\/div>\n<p style=\"margin: 0cm 0cm 0pt;text-align: right\" align=\"right\"><span lang=\"ES-TRAD\"> <\/span><\/p>\n<p style=\"margin: 0cm 0cm 0pt;text-align: right\" align=\"right\"><span style=\"font-family: 'Arial Narrow'\">Jos\u00e9 C Paz, Jueves 13 de  Noviembre del 2008<\/span><\/p>\n<p style=\"margin: 0cm 0cm 0pt;text-align: center\" align=\"center\">\n<p style=\"margin: 0cm 0cm 0pt;text-align: center\" align=\"center\">\n<p style=\"margin: 0cm 0cm 0pt;text-align: center\" align=\"center\"><b><span style=\"font-size: 14pt\">COMUNICADO DE PRENSA<\/span><\/b><\/p>\n<p style=\"margin: 0cm 0cm 0pt;text-align: center\" align=\"center\">\n<p style=\"margin: 0cm 0cm 0pt\"><span lang=\"ES-AR\"> <\/span><\/p>\n<p style=\"margin: 0cm 0cm 0pt;text-align: center\" align=\"center\"><span lang=\"ES-AR\">NO A LA  INJUSTICIA, NO A LOS APRIETES, NO A LA IMPUNIDAD.<\/span><\/p>\n<p style=\"margin: 0cm 0cm 0pt;text-align: center\" align=\"center\"><span lang=\"ES-AR\">SI A LA VIDA, SI  A LA DIGNIDAD.<\/span><\/p>\n<p style=\"margin: 0cm 0cm 0pt\"><span lang=\"ES-AR\"> <\/span><\/p>\n<p style=\"margin: 0cm 0cm 0pt;text-align: justify\"><span style=\"font-family: 'Arial Narrow'\" lang=\"ES-AR\">El  hambre es un crimen, como muchos otros que se cometen impunemente en esta  sociedad. Bajar la edad de imputabilidad de los pibes es una aberraci\u00f3n, es no  comprender a los pibes como sujetos de Derecho, como futuro y como presente,  como proyecci\u00f3n de sue\u00f1os, como compa\u00f1eros de la vida.<\/span><\/p>\n<p style=\"margin: 0cm 0cm 0pt;text-align: justify\"><span style=\"font-family: 'Arial Narrow'\" lang=\"ES-AR\"> <\/span><\/p>\n<p style=\"margin: 0cm 0cm 0pt;text-align: justify\"><span style=\"font-family: 'Arial Narrow'\" lang=\"ES-AR\">Los que  as\u00ed lo entendemos no bajamos los brazos ante la injusticia. Nos organizamos,  luchamos y marchamos\u2026 como Viviana, una joven educadora de nuestra red, con la  fortaleza y la convicci\u00f3n de la dignidad, no dejando que la historia sea algo  ajeno. A ella, el mi\u00e9rcoles 12 de noviembre en pleno acto contra la Baja en la  Edad de Imputabilidad, a metros de Casa de Gobierno de la provincia, en La Plata  (m\u00e1s espec\u00edficamente en la puerta de la Secretar\u00eda de Prensa), un auto azul la  esperaba para someterla a la tortura f\u00edsica y psicol\u00f3gica como si los 25 a\u00f1os de  democracia hubieran sido en vano. La golpearon, le hicieron cortes en las manos  y el vientre, a la vez que le gritaban: \u201csi le gusta la joda, a nosotros nos  gusta m\u00e1s\u201d, y que \u201cdejen de joder\u201d.<\/span><\/p>\n<p style=\"margin: 0cm 0cm 0pt;text-align: justify\"><span style=\"font-family: 'Arial Narrow'\" lang=\"ES-AR\"> <\/span><\/p>\n<p style=\"margin: 0cm 0cm 0pt;text-align: justify\"><span style=\"font-family: 'Arial Narrow'\" lang=\"ES-AR\">Este es  el quinto atentado que sufrimos los compa\u00f1eros del Movimiento Nacional Chicos  del Pueblo y nos preguntamos: HASTA CUANDO vamos a seguir expuestos a tremenda  impunidad, con un gobierno que no da se\u00f1ales de vida o que cuando las da es con  m\u00e1s mano dura, enfrentando las consecuencias de la injusticia y no sus causas.  <\/span><\/p>\n<p style=\"margin: 0cm 0cm 0pt;text-align: justify\"><span style=\"font-family: 'Arial Narrow'\" lang=\"ES-AR\"> <\/span><\/p>\n<p style=\"margin: 0cm 0cm 0pt;text-align: justify\"><span style=\"font-family: 'Arial Narrow'\" lang=\"ES-AR\">Bajar  la edad de imputabilidad no es una soluci\u00f3n real, adem\u00e1s viola todos los  tratados internacionales y la Convenci\u00f3n Internacional de los Derechos del Ni\u00f1o,  la Ni\u00f1a y los Adolescentes, que en Argentina tiene rango  constitucional.<\/span><\/p>\n<p style=\"margin: 0cm 0cm 0pt;text-align: justify\"><span style=\"font-family: 'Arial Narrow'\" lang=\"ES-AR\"> <\/span><\/p>\n<p style=\"margin: 0cm 0cm 0pt;text-align: justify\"><span style=\"font-family: 'Arial Narrow'\" lang=\"ES-AR\">Repudiamos con  fuerza y bronca todas las pr\u00e1cticas que nos remiten a un pasado que no  olvidamos, ni a sus responsables que no perdonamos.<\/span><\/p>\n<p style=\"margin: 0cm 0cm 0pt;text-align: justify\"><span style=\"font-family: 'Arial Narrow'\" lang=\"ES-AR\"> <\/span><\/p>\n<p style=\"margin: 0cm 0cm 0pt;text-align: justify\"><span style=\"font-family: 'Arial Narrow'\" lang=\"ES-AR\">Acompa\u00f1amos,  valoramos y enaltecemos a Viviana, y en ella a todas las personas que d\u00eda a d\u00eda  luchamos por un mundo de Justicia, Dignidad e Igualdad.<\/span><\/p>\n<p style=\"margin: 0cm 0cm 0pt;text-align: justify\"><span style=\"font-family: 'Arial Narrow'\" lang=\"ES-AR\"> <\/span><\/p>\n<p style=\"margin: 0cm 0cm 0pt;text-align: right\" align=\"right\"><span style=\"font-family: 'Arial Narrow'\" lang=\"ES-AR\"> <\/span><\/p>\n<p style=\"margin: 0cm 0cm 0pt;text-align: right\" align=\"right\"><span style=\"font-family: 'Arial Narrow'\" lang=\"ES-AR\"><span>  <\/span><\/span><span style=\"font-family: 'Arial Narrow'\">Red El Encuentro<\/span><\/p>\n<p style=\"margin: 0cm 0cm 0pt;text-align: right\" align=\"right\"><span style=\"font-family: 'Arial Narrow'\">02320-426786\/430677<\/span><\/p>\n<p>  <span style=\"font-family: 'Arial Narrow'\">redelencuentro@telered.com.a<\/span><\/p>\n","protected":false},"excerpt":{"rendered":"<p>EL ENCUENTRO, RED DE CENTROS COMUNITARIOS. Jos\u00e9 C Paz, Jueves 13 de Noviembre del 2008 COMUNICADO DE PRENSA NO A LA INJUSTICIA, NO A LOS APRIETES, NO A LA IMPUNIDAD. SI A LA VIDA, SI A LA DIGNIDAD. El hambre es un crimen, como muchos otros que se cometen impunemente en esta sociedad. Bajar la [&hellip;]<\/p>\n","protected":false},"author":1,"featured_media":0,"comment_status":"open","ping_status":"open","sticky":false,"template":"","format":"standard","meta":{"footnotes":""},"categories":[8],"tags":[],"class_list":["post-1176","post","type-post","status-publish","format-standard","hentry","category-sem-categoria"],"_links":{"self":[{"href":"https:\/\/fmtinkunaco.ar\/index.php?rest_route=\/wp\/v2\/posts\/1176","targetHints":{"allow":["GET"]}}],"collection":[{"href":"https:\/\/fmtinkunaco.ar\/index.php?rest_route=\/wp\/v2\/posts"}],"about":[{"href":"https:\/\/fmtinkunaco.ar\/index.php?rest_route=\/wp\/v2\/types\/post"}],"author":[{"embeddable":true,"href":"https:\/\/fmtinkunaco.ar\/index.php?rest_route=\/wp\/v2\/users\/1"}],"replies":[{"embeddable":true,"href":"https:\/\/fmtinkunaco.ar\/index.php?rest_route=%2Fwp%2Fv2%2Fcomments&post=1176"}],"version-history":[{"count":0,"href":"https:\/\/fmtinkunaco.ar\/index.php?rest_route=\/wp\/v2\/posts\/1176\/revisions"}],"wp:attachment":[{"href":"https:\/\/fmtinkunaco.ar\/index.php?rest_route=%2Fwp%2Fv2%2Fmedia&parent=1176"}],"wp:term":[{"taxonomy":"category","embeddable":true,"href":"https:\/\/fmtinkunaco.ar\/index.php?rest_route=%2Fwp%2Fv2%2Fcategories&post=1176"},{"taxonomy":"post_tag","embeddable":true,"href":"https:\/\/fmtinkunaco.ar\/index.php?rest_route=%2Fwp%2Fv2%2Ftags&post=1176"}],"curies":[{"name":"wp","href":"https:\/\/api.w.org\/{rel}","templated":true}]}}