{"id":1177,"date":"2008-11-13T12:41:00","date_gmt":"2008-11-13T14:41:00","guid":{"rendered":"http:\/\/fmtinkunaco.redelivre.org.br\/mas-repercusiones-por-el-apriete-a-nuestra-companera\/"},"modified":"2008-11-13T12:41:00","modified_gmt":"2008-11-13T14:41:00","slug":"mas-repercusiones-por-el-apriete-a-nuestra-companera","status":"publish","type":"post","link":"https:\/\/fmtinkunaco.ar\/?p=1177","title":{"rendered":"M\u00e1s repercusiones por el apriete a nuestra compa\u00f1era"},"content":{"rendered":"<p>Diarios Hoy de la plata<\/p>\n<p><a href=\"http:\/\/www.diariohoy.net\/accion-verNota-id-4621-titulo-Masiva_marcha_contra_la_baja_de_la_edad_de_imputabilidad\">Diario Hoy<\/a><\/p>\n<table border=\"0\" cellpadding=\"0\" cellspacing=\"0\" width=\"570\">\n<tbody>\n<tr>\n<td valign=\"top\" width=\"310\">\n<table border=\"0\" cellpadding=\"0\" cellspacing=\"0\" width=\"310\">\n<tbody>\n<tr>\n<td><span><span>Politica<\/span> |  La Provincia intento suavizar su posicion<\/span><\/td>\n<\/tr>\n<tr>\n<td>\n<h1><\/h1>\n<h1><img loading=\"lazy\" decoding=\"async\" src=\"http:\/\/www.diariohoy.net\/Panel\/imagenesNotas\/131108\/4621_fotowebnotas.jpg\" alt=\"Cientos de personas marcharon a la gobernaci\u00f3n bonaerense. Y fueron recibidos por  ministros de Daniel Scioli, que le bajaron los decibeles al reclamo de bajar la edad de  imputabilidad. Pero ratificaron el proyecto. Denuncian secuestro y agresi\u00f3n\" id=\"imagen1\" width=\"240\" height=\"180\" \/><\/h1>\n<h1><\/h1>\n<h1>Masiva marcha contra la baja de la edad de imputabilidad<\/h1>\n<p>                       <\/p>\n<h3>Cientos de personas marcharon a la gobernaci\u00f3n bonaerense. Y fueron recibidos por  ministros de Daniel Scioli, que le bajaron los decibeles al reclamo de bajar la edad de  imputabilidad. Pero ratificaron el proyecto. Denuncian secuestro y agresi\u00f3n<\/p>\n<\/h3>\n<\/td>\n<\/tr>\n<\/tbody>\n<\/table>\n<\/td>\n<td width=\"10\"><\/td>\n<td valign=\"top\" width=\"250\" height=\"210\"><\/td>\n<\/tr>\n<\/tbody>\n<\/table>\n<p><\/p>\n<div>\n<p>Luego de que el martes sectores sociales se manifestaron en la Capital Federal en contra de la baja de la edad de imputabilidad que impulsa Daniel Scioli, ayer el reclamo lleg\u00f3 hasta La Plata donde gremios, organismos de derechos humanos, entidades sindicales y dirigentes pol\u00edticos marcharon hasta la Gobernaci\u00f3n para pedir por los derechos de los ni\u00f1os.<br \/>Bajo el lema \u201cScioli: los ni\u00f1os, ni\u00f1as y j\u00f3venes no somos peligrosos, estamos en peligro\u201d, se estima que cerca de 20 mil personas se concentraron en la Rep\u00fablica de los Ni\u00f1os y posteriormente en plaza Italia para marchar luego hacia la sede del Ejecutivo provincial.<br \/>Por la tarde varios delegados de las entidades movilizadas fueron recibidos por funcionarios del Ejecutivo entre los que se encontraban los ministros Alberto P\u00e9rez (Gabinete); Ricardo Casal (Justicia); Mario Oporto (Educaci\u00f3n); Daniel Arroyo (Desarrollo Social); la subsecretaria de Ni\u00f1ez y Adolescencia, Cristina Tabolaro y la secretaria de Derechos Humanos, Sara Derotier de Cobacho.<br \/>Los integrantes del gabinete de Scioli (a esa altura de la jornada de viaje hacia M\u00e9xico para encabezar una misi\u00f3n comercial) responsabilizaron a los medios por difundir err\u00f3neamente la posici\u00f3n de la Provincia frente a la imputabilidad y aclararon que si bien se impulsa una baja en la edad hay detalles de la postura oficial que no fueron explicados.<br \/>Los grupos pol\u00edticos y sociales convocantes a la protesta de ayer solicitaron una audiencia urgente con el mandatario provincial, la que se concretar\u00eda a su retorno del pa\u00eds azteca.<br \/>Tras el encuentro, el dirigente Hugo Godoy coment\u00f3 que \u201cexpresamos que queremos que se respete la ley que atiende los derechos de la ni\u00f1ez; que se establezca una asignaci\u00f3n universal por hijo de cero a 18 a\u00f1os y rechazamos plenamente el intento de reducir la edad de imputabilidad\u201d.<br \/>En tanto, Alberto P\u00e9rez asegur\u00f3 al t\u00e9rmino de la reuni\u00f3n que \u00abcreemos que el debate planteado por el gobierno necesita de aportes de todos los sectores. Es preciso que en todo el pa\u00eds exista una ley que reemplaza a la 22.278 de la \u00e9poca de la dictadura y vayamos hacia un sistema que garantice los derechos de los menores en un r\u00e9gimen penal diferenciado al de los adultos\u00bb.<br \/>Tambi\u00e9n aclar\u00f3 que \u00abla Ley penal juvenil que estamos aplicando en la provincia es revolucionaria en la Argentina, cambiando el sistema del Patronato, que tiene 100 a\u00f1os de vigencia, por pol\u00edticas que defienden los derechos de los ni\u00f1os y adolescentes. La puesta en marcha del Observatorio de la Ni\u00f1ez y la Adolescencia, junto a la mesa interministerial sobre pol\u00edticas de la ni\u00f1ez nos dar\u00e1n un diagn\u00f3stico acertado y una respuesta r\u00e1pida a las necesidades\u00bb.<br \/>Grave incidente<br \/>Promediaba la protesta de ayer en La Plata cuando, seg\u00fan denunciaron desde el Movimiento Chicos del Pueblo, una joven de 22 a\u00f1os llamada Viviana que milita en dicho espacio fue subida por la fuerza a un veh\u00edculo azul por dos personas y \u201cbrutalmente golpeada\u201d.<br \/>La informaci\u00f3n fue confirmada por allegados a la v\u00edctima, quienes contaron que una se\u00f1ora de cincuenta a\u00f1os se acerc\u00f3 a Viviana y le pregunt\u00f3 si la pod\u00eda acompa\u00f1ar a un auto a llevar unas bolsas de la compra que hab\u00eda realizado.<br \/>Al momento de llegar al veh\u00edculo, siempre seg\u00fan se coment\u00f3 desde el entorno de la agredida, la introdujeron en un auto, la golpearon, le hicieron cortes en las palmas de las manos y los brazos y la arrojaron en inmediaciones del Hip\u00f3dromo de La Plata.<br \/>Antes de huir del lugar los agresores le habr\u00eda dicho: \u201c\u00a1Dejate de joder!, que nosotros vamos a joder m\u00e1s, si te gusta la joda a nosotros nos gusta m\u00e1s\u201d. La v\u00edctima fue trasladada al hospital Rossi. All\u00ed fue asistida por los m\u00e9dicos de la guardia y dada de alta. Viviana luego se traslad\u00f3 a la fiscal\u00eda de 57 y 8 para realizar la denuncia y habr\u00eda prestado declaraci\u00f3n.<\/p>\n<p><\/p>\n<p><\/p>\n<\/div>\n","protected":false},"excerpt":{"rendered":"<p>Diarios Hoy de la plata Diario Hoy Politica | La Provincia intento suavizar su posicion Masiva marcha contra la baja de la edad de imputabilidad Cientos de personas marcharon a la gobernaci\u00f3n bonaerense. Y fueron recibidos por ministros de Daniel Scioli, que le bajaron los decibeles al reclamo de bajar la edad de imputabilidad. Pero [&hellip;]<\/p>\n","protected":false},"author":1,"featured_media":0,"comment_status":"open","ping_status":"open","sticky":false,"template":"","format":"standard","meta":{"footnotes":""},"categories":[8],"tags":[],"class_list":["post-1177","post","type-post","status-publish","format-standard","hentry","category-sem-categoria"],"_links":{"self":[{"href":"https:\/\/fmtinkunaco.ar\/index.php?rest_route=\/wp\/v2\/posts\/1177","targetHints":{"allow":["GET"]}}],"collection":[{"href":"https:\/\/fmtinkunaco.ar\/index.php?rest_route=\/wp\/v2\/posts"}],"about":[{"href":"https:\/\/fmtinkunaco.ar\/index.php?rest_route=\/wp\/v2\/types\/post"}],"author":[{"embeddable":true,"href":"https:\/\/fmtinkunaco.ar\/index.php?rest_route=\/wp\/v2\/users\/1"}],"replies":[{"embeddable":true,"href":"https:\/\/fmtinkunaco.ar\/index.php?rest_route=%2Fwp%2Fv2%2Fcomments&post=1177"}],"version-history":[{"count":0,"href":"https:\/\/fmtinkunaco.ar\/index.php?rest_route=\/wp\/v2\/posts\/1177\/revisions"}],"wp:attachment":[{"href":"https:\/\/fmtinkunaco.ar\/index.php?rest_route=%2Fwp%2Fv2%2Fmedia&parent=1177"}],"wp:term":[{"taxonomy":"category","embeddable":true,"href":"https:\/\/fmtinkunaco.ar\/index.php?rest_route=%2Fwp%2Fv2%2Fcategories&post=1177"},{"taxonomy":"post_tag","embeddable":true,"href":"https:\/\/fmtinkunaco.ar\/index.php?rest_route=%2Fwp%2Fv2%2Ftags&post=1177"}],"curies":[{"name":"wp","href":"https:\/\/api.w.org\/{rel}","templated":true}]}}