{"id":1178,"date":"2008-11-13T07:32:00","date_gmt":"2008-11-13T09:32:00","guid":{"rendered":"http:\/\/fmtinkunaco.redelivre.org.br\/repercusiones-en-los-medios-del-atentado-sufrido-por-nuestra-companera\/"},"modified":"2008-11-13T07:32:00","modified_gmt":"2008-11-13T09:32:00","slug":"repercusiones-en-los-medios-del-atentado-sufrido-por-nuestra-companera","status":"publish","type":"post","link":"https:\/\/fmtinkunaco.ar\/?p=1178","title":{"rendered":"Repercusiones en los medios del atentado sufrido por nuestra compa\u00f1era"},"content":{"rendered":"<p><span style=\"font-weight: bold;font-style: italic\">El periodico <\/span><a style=\"font-weight: bold;font-style: italic\" href=\"http:\/\/criticadigital.com\/index.php?secc=nota&amp;nid=13990\">Critica<\/a><span style=\"font-weight: bold;font-style: italic\"> de la Argentina publico esta ma\u00f1ana:<\/span><\/p>\n<h3><span style=\"font-size:78%\">EN LA MARCHA CONTRA LA BAJA DE IMPUTABILIDAD<\/span><\/h3>\n<h1><span style=\"font-size:100%\">La Plata: denuncian golpes y secuestro de una joven<\/span><\/h1>\n<h2><span style=\"font-size:100%\">Una chica del Movimiento Nacional Chicos del Pueblo fue \u00abbrutalmente golpeada\u00bb mientras se manifestaba contra la medida del gobernador Scioli, informaron a <em>Criticadigital <\/em>miembros de la organizaci\u00f3n.<\/span><\/h2>\n<p>Una joven de 23 a\u00f1os, educadora de la \u201cRed El Encuentro\u201d de Jos\u00e9 C. Paz, un grupo que forma parte del Movimiento Nacional de los Chicos del Pueblo, fue subida a un veh\u00edculo por dos personas y \u00abbrutalmente golpeada\u00bb mientras participaba de la marcha contra la baja de imputabilidad, en La Plata, por lo que debi\u00f3 ser asistida en un hospital, denunciaron las organizaciones.<\/p>\n<p>Mientras una delegaci\u00f3n ingresaba a la Casa de Gobierno y se reun\u00eda con parte del Gabinete provincial, la chica -de quien se guarda la identidad- se encontraba en la calle frente a la valla de seguridad que cerca el edificio. All\u00ed una mujer de unos 50 a\u00f1os, aproximadamente, se acerc\u00f3 a pedirle que la ayude con unas bolsas y la llev\u00f3 hacia un veh\u00edculo azul, donde dos hombres la meten por la fuerza. Dentro del veh\u00edculo la golpearon y amenazaron: \u201cDejate de joder, si a ustedes les gusta joder, a nosotros nos gusta m\u00e1s\u201d le dijeron los matones, seg\u00fan lo relatado a <em>Cr\u00edticadigital <\/em>por los integrantes del Movimiento Chicos del Pueblo. Ella les responde que no sabe a qu\u00e9 se refieren, y los sujetos la golpean m\u00e1s, seg\u00fan <strong><a href=\"http:\/\/anred.org\/breve.php3?id_breve=3756\" target=\"_blank\" rel=\"noopener\">informa<\/a>  <\/strong>la agencia de noticias <em>ANRed<\/em>.<\/p>\n<p>Finalmente, \u201cla tiran cerca de la estaci\u00f3n de trenes de La Plata toda golpeada\u00bb y, tal como aseguran sus compa\u00f1eros a este medio, la joven tiene tajos en los brazos, las manos, el abdomen, los pies y la nariz por lo que se encuentra hospitalizada.<\/p>\n<p>\u00abNadie se dio cuenta porque ven\u00edamos en la marcha, pero el Movimiento hace tiempo que recibe amenazas, y esta vez las concretaron, secuestraron a una de las chicas, la golpearon y luego la abandonaron a unas cuatro cuadras\u00bb, expres\u00f3 Rosario Hasperu\u00e9, del Foro provincial por los Derechos del Ni\u00f1o, una de las organizaciones que convoc\u00f3 a la movilizaci\u00f3n.<\/p>\n<p>Los integrantes de Los Chicos del Pueblo participan de la campa\u00f1a \u00abEl hambre es un crimen\u00bb y a ra\u00edz de las denuncias que realizaron en contra de las reformas de<em> mano dura<\/em> recibieron ya cinco <a href=\"http:\/\/criticadigital.com\/index.php?secc=nota&amp;nid=11570\" target=\"_blank\" rel=\"noopener\"><strong>atentados directos<\/strong><\/a>, incluyendo secuestros y destrucci\u00f3n total de sus instalaciones.<\/p>\n<p><span style=\"font-weight: bold;font-style: italic\">La agencia de noticias <\/span><a style=\"font-weight: bold;font-style: italic\" href=\"http:\/\/www.agenciawalsh.org\/index.php\/a\/2008\/11\/13\/p2610#more2610\"><span style=\"text-decoration: underline\">Rodolfo Walsh<\/span><\/a><span style=\"font-weight: bold;font-style: italic\"> publico:<\/span><\/p>\n<h2>Secuestran y golpean a una militante en La Plata<\/h2>\n<div lang=\"es-ES\">\n<div>                    <\/div>\n<h3>Secuestran y golpean a una militante en La Plata<\/h3>\n<div>\n<p>(AW)Una de las participantes de la marcha realizada hoy en La Plata, contra la baja de la imputabilidad, fue secuestrada y golpeada. <\/p>\n<p><a name=\"more2610\"><\/a>[Mas:]<\/p>\n<p>La Plata, mi\u00e9rcoles 12 de noviembre, (AnRed) Reproducimos, a continuaci\u00f3n, la noticia publicada por AnRed:<\/p>\n<p>Una militante de 23 a\u00f1os que participaba en la marcha en contra de las reformas para la baja de la imputabilidad penal fue secuestrada esta tarde a las 17 hs.<br \/>La joven participa en la Red El Encuentro de Jos\u00e9 C. Paz, un colectivo que forma parte del Movimiento Nacional de los Chicos del Pueblo. Esta tarde en la ciudad de La Plata se llevaba a cabo la marcha para repudiar el proyecto del gobernador Daniel Scioli de bajar la imputabilidad penal para encarcelar a menores. All\u00ed fue tomada la militante y llevada en un veh\u00edculo azul. Fue amenazada y golpeada. La Red El Encuentro guarda su identidad por razones de seguridad.<\/p>\n<p>Gabriel Amarillo -de la misma organizaci\u00f3n que la joven-, explic\u00f3 lo sucedido a ANRed: \u00abUna mujer de unos 50 a\u00f1os le pide a nuestra compa\u00f1era que la ayude a llevar una bolsa. Ella accede. Cuando llegan a un auto azul salen varios tipos y la meten por la fuerza. Ya dentro del veh\u00edculo la golpean y le dicen que se tiene que dejar de joder. Ella dice que no sabe a que se refieren, y los tipos le pegan m\u00e1s. La tiran cerca de la estaci\u00f3n de trenes de La Plata toda golpeada\u00bb.<\/p>\n<p>Desde Los Chicos del Pueblo vienen denunciando hace meses que estos proyectos s\u00f3lo se meten con \u00abel m\u00e1s d\u00e9bil\u00bb, es decir con los ni\u00f1os y que en vez de atacar las causas de la inseguridad se visualizan las consecuencias.<\/p>\n<p>Desde que Los Chicos del Pueblo han salido a la calle con la campa\u00f1a \u00abEl hambre es un crimen\u00bb y en contra de las reformas de mano dura han recibido ya cinco atentados directos, incluyendo secuestros y destrucci\u00f3n total de sus instalaciones. Que sea la ciudad de La Plata un lugar en el que se secuestra a un militante popular resulta de extrema gravedad, ya que las bandas que secuestraron a Julio L\u00f3pez operaron en esa zona.<br \/>La joven militante se encuentra hospitalizada, con cortes y contusiones.<\/p>\n<p>Para ampliar informaci\u00f3n<br \/>&#8211;  Gabriel Amarillo 15-6253-1643<br \/>&#8211;  <a href=\"mailto:redelencuentro@telered.com.ar\">redelencuentro@telered.com.ar<\/a><\/p>\n<p><\/p>\n<p><\/p>\n<\/p><\/div>\n<\/div>\n<p><span style=\"font-weight: bold;font-style: italic\">El peri\u00f3dico <\/span><a style=\"font-weight: bold;font-style: italic\" href=\"http:\/\/www.pagina12.com.ar\/diario\/sociedad\/3-114955-2008-11-13.html\">Pagina 12<\/a><span style=\"font-weight: bold;font-style: italic\"> tambi\u00e9n se hizo eco de este terrible hecho:<\/span><\/p>\n<p><a href=\"http:\/\/www.pagina12.com.ar\/diario\/sociedad\/index.html\" title=\"\">SOCIEDAD<\/a> \u203a EXTRA\u00f1O ATAQUE EN UNA MOVILIZACION EN LA PLATA<\/p>\n<h2>Marcha y secuestro<\/h2>\n<p>Unas 15 mil personas de organizaciones vinculadas con los Chicos del Pueblo marcharon contra la baja de la edad de imputabilidad. Una militante denunci\u00f3 que fue secuestrada.<\/p>\n<p>                          <a name=\"formu_mail\"><\/a>    <\/p>\n<div>\n<div>[<a href=\";\">cerrar<\/a>]<\/div>\n<h4>Comparta esta nota con un amigo<\/h4>\n<table>\n<tbody>\n<tr>\n<td>E-Mail de su amigo<\/td>\n<td><\/td>\n<\/tr>\n<tr>\n<td>Su nombre<\/td>\n<td><\/td>\n<\/tr>\n<tr>\n<td>Su E-Mail<\/td>\n<td><\/td>\n<\/tr>\n<tr>\n<td> <\/td>\n<td><\/td>\n<\/tr>\n<\/tbody>\n<\/table><\/div>\n<div style=\"font-size: 13px\">\n<p>Est\u00e1 muy asustada y no va a dar su nombre. Tampoco quiere hablar, pero quiere que se sepa lo que sufri\u00f3 ayer, cerca de la Casa de Gobierno bonaerense, en medio del acto en repudio a la propuesta de Daniel Scioli de bajar la edad de imputabilidad. \u201cHac\u00eda calor y nos dispersamos buscando sombra y en un momento la perdimos de vista\u201d, preludia su compa\u00f1ero de la Red El Encuentro, Gabriel Amarillo, la voz autorizada por esta joven de 22 a\u00f1os. Entonces se le acerc\u00f3 una mujer de uno 50 a\u00f1os, \u201cvestida con una pollera hippie\u201d, y le pidi\u00f3 ayuda para cargar algo en el ba\u00fal de su auto. Ella fue, le dio una mano y la mujer le dijo que necesitaba sacar algo del asiento de atr\u00e1s. \u201cAbri\u00f3 la puerta, la empuj\u00f3 adentro y cerr\u00f3. La se\u00f1ora se qued\u00f3 afuera y el auto arranc\u00f3. Hab\u00eda dos tipos: uno conduc\u00eda y el otro estaba atr\u00e1s d\u00e1ndole trompadas\u201d, cuenta Amarillo, que vuelve del hospital Rossi, donde la atendieron.<\/p>\n<p>El \u201cpaseo\u201d dur\u00f3 casi media hora y la chica fue intimada por el hombre \u201cpara que no joda m\u00e1s\u201d. La dejaron a 15 cuadras del lugar, con cortes en las manos y los brazos, cerca de la terminal de micros. La joven hab\u00eda marchado desde la Ciudad de los Ni\u00f1os hasta la Casa de Gobierno platense, en el marco de una protesta organizada por militantes pol\u00edticos junto a organizaciones sociales, gremiales y de derechos humanos. Ella integra la Red El Encuentro, una organizaci\u00f3n que nuclea centros comunitarios de Moreno, J. C. Paz, San Fernando y Malvinas Argentinas, y que pertenece al Movimiento Nacional Chicos del Pueblo. Ayer, hizo la denuncia por el secuestro y los golpes en la fiscal\u00eda de turno.<\/p>\n<p>\u201cEstamos muy preocupados porque es el quinto atentado que sufren ni\u00f1os y educadores de ese movimiento\u201d, dijo el secretario general de Asociaci\u00f3n de Trabajadores del Estado, Hugo Godoy, al salir de la reuni\u00f3n que mantuvieron las organizaciones con gran parte del gabinete de Daniel Scioli. All\u00ed los ministros bonaerenses insistieron en la necesidad de abrir el debate a nivel nacional y aseguraron que la intenci\u00f3n del gobierno \u201cno es estigmatizar a los j\u00f3venes\u201d.<\/p>\n<p>\u201cNos prometieron empezar con la asignaci\u00f3n universal para chicos de 0 a 6 a\u00f1os de manera gradual en toda la provincia e incluso nos dijeron que convocar\u00e1n a los intendentes para que apoyen la iniciativa\u201d, cont\u00f3 Adolfo Aguirre, coordinador provincial del Foro por los Derechos de la Ni\u00f1ez. Para Aguirre, la marcha, en la que calcula que hubo 15 mil personas, \u201cfue un antes y un despu\u00e9s porque se demostr\u00f3 que hay muchos sectores de la sociedad que est\u00e1n en contra de este tipo de iniciativas y de responsabilizar a los j\u00f3venes por la inseguridad\u201d.<\/p>\n<p>Luego de la reuni\u00f3n y tras repudiar tanto el secuestro de la joven como las intenciones de Scioli de bajar la edad de imputabilidad, las organizaciones convocaron al pr\u00f3ximo 12 de diciembre a una movilizaci\u00f3n a Plaza de Mayo para \u201cabrazar a todos los ni\u00f1os y adolescentes del pa\u00eds\u201d e insistir con la necesidad de una asignaci\u00f3n universal para todos los menores de 18 a\u00f1os. Las consignas ser\u00e1n las mismas: que los ni\u00f1os \u201cvuelvan a ser los \u00fanicos privilegiados\u201d y que \u201cno son peligrosos sino que est\u00e1n en peligro\u201d. Pero las precauciones a la hora de marchar ser\u00e1n otras, nadie lo duda.<\/p>\n<p><\/p>\n<p><\/p>\n<p><\/p>\n<p style=\"font-weight: bold;font-style: italic\"><\/p>\n<\/div>\n<p><span style=\"font-weight: bold;font-style: italic\">La agencia de noticias <\/span><a style=\"font-weight: bold;font-style: italic\" href=\"http:\/\/www.redeco.com.ar\/nv\/index.php?option=com_content&amp;task=view&amp;id=767&amp;Itemid=45\">Red Eco<\/a><span style=\"font-weight: bold;font-style: italic\"> public\u00f3:<\/span><\/p>\n<p>Secuestro y golpizza<\/p>\n<table>\n<tbody>\n<tr>\n<td colspan=\"2\" valign=\"top\">      mi\u00e9rcoles, 12 de noviembre de 2008    <\/td>\n<\/tr>\n<tr>\n<td colspan=\"2\" valign=\"top\">     <span>Las organizaciones pertenecientes a La Asamblea Permanente por los Derechos de la Ni\u00f1ez , enviaron esta noche un comunicado repudiando el secuestro y la violenta golpiza a  una integrante de la organizaci\u00f3n Pelota de Trapo , perteneciente a Los Chicos del Pueblo. <\/span>   <span><br \/>La agresi\u00f3n se produjo esta tarde durante una marcha que reivindicaba la promoci\u00f3n integral de los derechos de la ni\u00f1ez y adolescencia, la asignaci\u00f3n universal para las personas menores de 18 a\u00f1os y contra la baja de la edad de imputabilidad.<br \/>Cuando las organizaciones participantes permanec\u00edan en la Plaza San Mart\u00edn mientras se le\u00eda un documento, la integrante de Pelota de Trapo  fue secuestrada en la calle 6 y 51, introducida en un auto, y brutalmente golpeada, siendo abandonada a unas diez cuadras.<br \/>Este suceso, se enmarca dentro de los ataques que lleva sufriendo esta organizaci\u00f3n &#8211; ya es la 5\u00aa vez &#8211;  y supone una provocaci\u00f3n constante para todas las organizaciones que pelean por los derechos.<br \/>En su comunicado, la Asamblea Permanente por los Derechos de la Ni\u00f1ez resalta que \u201cel operativo policial que acompa\u00f1aba la marcha de hoy, estaba a cargo de Piqu\u00e9, Capit\u00e1n de la comisar\u00eda Primera, implicada ya en varios actos represivos y apremios ilegales ocurridos en nuestra ciudad, como la liberaci\u00f3n de la plaza San Mart\u00edn el 25 de julio, cuando un grupo de ni\u00f1os en situaci\u00f3n de calle fue atacado por un grupo parapolicial y en malos tratos y torturas a los ni\u00f1os dentro y fuera de la comisar\u00eda.<br \/>Para que los hechos de hoy tuvieran lugar, en una plaza llena de gente y rodeada de polic\u00edas, se hace evidente que ha habido zona liberada, que este suceso estaba preparado de antemano, <\/span><span>no siendo casual el momento justo en que ha tenido lugar el secuestro\u201d.<\/span><\/td>\n<\/tr>\n<\/tbody>\n<\/table>\n","protected":false},"excerpt":{"rendered":"<p>El periodico Critica de la Argentina publico esta ma\u00f1ana: EN LA MARCHA CONTRA LA BAJA DE IMPUTABILIDAD La Plata: denuncian golpes y secuestro de una joven Una chica del Movimiento Nacional Chicos del Pueblo fue \u00abbrutalmente golpeada\u00bb mientras se manifestaba contra la medida del gobernador Scioli, informaron a Criticadigital miembros de la organizaci\u00f3n. Una joven [&hellip;]<\/p>\n","protected":false},"author":1,"featured_media":0,"comment_status":"open","ping_status":"open","sticky":false,"template":"","format":"standard","meta":{"footnotes":""},"categories":[8],"tags":[],"class_list":["post-1178","post","type-post","status-publish","format-standard","hentry","category-sem-categoria"],"_links":{"self":[{"href":"https:\/\/fmtinkunaco.ar\/index.php?rest_route=\/wp\/v2\/posts\/1178","targetHints":{"allow":["GET"]}}],"collection":[{"href":"https:\/\/fmtinkunaco.ar\/index.php?rest_route=\/wp\/v2\/posts"}],"about":[{"href":"https:\/\/fmtinkunaco.ar\/index.php?rest_route=\/wp\/v2\/types\/post"}],"author":[{"embeddable":true,"href":"https:\/\/fmtinkunaco.ar\/index.php?rest_route=\/wp\/v2\/users\/1"}],"replies":[{"embeddable":true,"href":"https:\/\/fmtinkunaco.ar\/index.php?rest_route=%2Fwp%2Fv2%2Fcomments&post=1178"}],"version-history":[{"count":0,"href":"https:\/\/fmtinkunaco.ar\/index.php?rest_route=\/wp\/v2\/posts\/1178\/revisions"}],"wp:attachment":[{"href":"https:\/\/fmtinkunaco.ar\/index.php?rest_route=%2Fwp%2Fv2%2Fmedia&parent=1178"}],"wp:term":[{"taxonomy":"category","embeddable":true,"href":"https:\/\/fmtinkunaco.ar\/index.php?rest_route=%2Fwp%2Fv2%2Fcategories&post=1178"},{"taxonomy":"post_tag","embeddable":true,"href":"https:\/\/fmtinkunaco.ar\/index.php?rest_route=%2Fwp%2Fv2%2Ftags&post=1178"}],"curies":[{"name":"wp","href":"https:\/\/api.w.org\/{rel}","templated":true}]}}