{"id":1179,"date":"2008-11-12T20:01:00","date_gmt":"2008-11-12T22:01:00","guid":{"rendered":"http:\/\/fmtinkunaco.redelivre.org.br\/no-a-la-baja-de-edad-de-imputabilidad\/"},"modified":"2008-11-12T20:01:00","modified_gmt":"2008-11-12T22:01:00","slug":"no-a-la-baja-de-edad-de-imputabilidad","status":"publish","type":"post","link":"https:\/\/fmtinkunaco.ar\/?p=1179","title":{"rendered":"No a la baja de edad de imputabilidad"},"content":{"rendered":"<p>Este mediodia se realizo una <a href=\"http:\/\/ar.news.yahoo.com\/s\/12112008\/7\/argentina-noticias-movilizacion-baja-imputabilidad-plata.html\">marcha<\/a> en la plata. Convocada por la CTA y el Moviomiento Nacional de los chicos del pueblo.<\/p>\n<p>Desde la Red el Encuentro varios centros comunitarios se hicieron presentes y marcharon.<br \/>Cuando estaba finalizando la movilizaci\u00f3n una educadora fue secuestrada, amenazada y golpeada.<br \/>\u00aba ustedes les gusta joder, a nosotros tambi\u00e9n nos gusta joder\u00bb es parte de lo que le dijeron mientras la paseaban en un automovil.<\/p>\n<p>La educadora fue hospitalizada y despues testimoni\u00f3 en la fiscalia de la plata.<\/p>\n<p>El sitio de noticias del diario Critica publico Clik <a href=\"http:\/\/criticadigital.com\/index.php?secc=nota&amp;nid=13990\">aqui<\/a><\/p>\n<p>Inmediatamente recibi\u00f3 el apoyo de la agrupaci\u00f3n hijos, del Movimientos chicos del pueblo y de una cantidad de organismos de derechos humanos.<\/p>\n<p>El movimiento nacional de los chicos del pueblo envi\u00f3 un comunicado de prensa que a continuaci\u00f3n reproducimos:<\/p>\n<p><span style=\"font-family:Verdana,Arial,Helvetica,sans-serif\"><span><span style=\"font-family:Verdana,Arial,Helvetica,sans-serif\"><span style=\"font-size:85%\"><span style=\"font-family:Verdana,Arial,Helvetica,sans-serif\"><span style=\"font-family:Arial,Helvetica,sans-serif\"><strong>12           de noviembre de 2008 <\/strong><\/span><\/span><\/span><\/span><\/span><\/span>           <\/p>\n<table style=\"width: 402px;height: 31px\" bgcolor=\"#ff9933\" border=\"0\" cellpadding=\"2\">\n<tbody>\n<tr>\n<td height=\"27\" width=\"5%\"><img loading=\"lazy\" decoding=\"async\" src=\"http:\/\/downloads.dyw.com.ar\/ap\/AtenEnc08\/botom-postaindice.gif\" height=\"23\" width=\"19\" \/><\/td>\n<td width=\"95%\">\n<div align=\"left\"><span style=\"font-family:Verdana,Arial,Helvetica,sans-serif\"><span><span style=\"font-family:Verdana,Arial,Helvetica,sans-serif\"><span style=\"font-size:85%\"><span style=\"font-family:Verdana,Arial,Helvetica,sans-serif\"><span><strong>Basta de atentados<\/strong><\/span><\/span><\/span><\/span><\/span><\/span><\/div>\n<\/td>\n<\/tr>\n<\/tbody>\n<\/table>\n<table style=\"width: 402px;height: 530px\" bgcolor=\"#ffe97a\" border=\"0\" cellpadding=\"2\">\n<tbody>\n<tr>\n<td rowspan=\"2\" height=\"220\" width=\"5%\"><\/td>\n<td colspan=\"2\" height=\"361\" width=\"95%\">\n<p><span style=\"font-family:Verdana,Arial,Helvetica,sans-serif;font-size:85%\">Viviana tiene 22 a\u00f1os, es educadora en el Centro Bel\u00e9n de la Red El Encuentro de Jos\u00e9 C. Paz, cuya coordinadora es Ana Gravina. Estaba en la marcha hoy en La Plata para pronunciarse contra la baja de edad de imputabilidad de los chicos y contra el hambre que nos inventaron. Andaba entre las murgas los malabares y las risas despeinadas de los pibes. La secuestraron a las 3 de la tarde en Calle 6 y 50, una mujer y dos hombres -en plena marcha- mientras la custodia policial que era mucha, como siempre no vio, no supo, no responde. <\/span><\/p>\n<p><span style=\"font-family:Verdana,Arial,Helvetica,sans-serif;font-size:85%\">Fue golpeada salvajemente, tajeada en las palmas de la mano, en los brazos, en el vientre y en los pies. Por amor a los pibes que est\u00e1n ah\u00ed. Que siguen ah\u00ed. Que son much\u00edsimos. Que viven sus malas vidas en una larga tanda publicitaria que tiene distra\u00eddo al resto de la sociedad. Viven como pueden y como est\u00e1n, como los hemos dejado: solos.<\/span><\/p>\n<p><span style=\"font-family:Verdana,Arial,Helvetica,sans-serif;font-size:85%\">Viviana es una muchacha hermosa que todos los d\u00edas despliega manteles en la mirada de los ni\u00f1os. <\/span><\/p>\n<p>         <span style=\"font-family:Verdana,Arial,Helvetica,sans-serif;font-size:85%\">Para los que mutilan el prodigio de la vida el hambre no es un crimen. Denunciarlo s\u00ed. <\/span><\/td>\n<\/tr>\n<tr>\n<td height=\"163\">\n<div align=\"center\">\n<p><span style=\"font-family:Verdana,Arial,Helvetica,sans-serif;font-size:85%\">Alberto Morlachetti<br \/>             <strong>Coordinador Nacional<\/strong><\/span><\/p>\n<\/div>\n<\/td>\n<\/tr>\n<\/tbody>\n<\/table>\n<p>La convenci\u00f3n internacional de los derechos del ni\u00f1o la ni\u00f1a y los adolescentes (ratificada por Argentina y con rango constitucional) defiende los derechos a los que el gobernador de la provincia de Buenos Aires quiere encarcelar.<\/p>\n<p>No pueden exitir leyes provinciales que atenten contra la carta magna, es INCONSTITUCIONAL.<\/p>\n<p>Hace unos d\u00edas dialogamos con Tom\u00e1s Ojeda Quintana (abogado) a continuaci\u00f3n parte de esa nota:<\/p>\n<p><a target=\"_blank\" href=\"http:\/\/boomp3.com\/listen\/c2rtvnxac_4\/audio-no-a-la-baja-de-la-imputabilidad\" rel=\"noopener\">AUDIO &#8211; No a la baja de la imputabilidad<\/a><\/p>\n","protected":false},"excerpt":{"rendered":"<p>Este mediodia se realizo una marcha en la plata. Convocada por la CTA y el Moviomiento Nacional de los chicos del pueblo. Desde la Red el Encuentro varios centros comunitarios se hicieron presentes y marcharon.Cuando estaba finalizando la movilizaci\u00f3n una educadora fue secuestrada, amenazada y golpeada.\u00aba ustedes les gusta joder, a nosotros tambi\u00e9n nos gusta [&hellip;]<\/p>\n","protected":false},"author":1,"featured_media":0,"comment_status":"open","ping_status":"open","sticky":false,"template":"","format":"standard","meta":{"footnotes":""},"categories":[8],"tags":[],"class_list":["post-1179","post","type-post","status-publish","format-standard","hentry","category-sem-categoria"],"_links":{"self":[{"href":"https:\/\/fmtinkunaco.ar\/index.php?rest_route=\/wp\/v2\/posts\/1179","targetHints":{"allow":["GET"]}}],"collection":[{"href":"https:\/\/fmtinkunaco.ar\/index.php?rest_route=\/wp\/v2\/posts"}],"about":[{"href":"https:\/\/fmtinkunaco.ar\/index.php?rest_route=\/wp\/v2\/types\/post"}],"author":[{"embeddable":true,"href":"https:\/\/fmtinkunaco.ar\/index.php?rest_route=\/wp\/v2\/users\/1"}],"replies":[{"embeddable":true,"href":"https:\/\/fmtinkunaco.ar\/index.php?rest_route=%2Fwp%2Fv2%2Fcomments&post=1179"}],"version-history":[{"count":0,"href":"https:\/\/fmtinkunaco.ar\/index.php?rest_route=\/wp\/v2\/posts\/1179\/revisions"}],"wp:attachment":[{"href":"https:\/\/fmtinkunaco.ar\/index.php?rest_route=%2Fwp%2Fv2%2Fmedia&parent=1179"}],"wp:term":[{"taxonomy":"category","embeddable":true,"href":"https:\/\/fmtinkunaco.ar\/index.php?rest_route=%2Fwp%2Fv2%2Fcategories&post=1179"},{"taxonomy":"post_tag","embeddable":true,"href":"https:\/\/fmtinkunaco.ar\/index.php?rest_route=%2Fwp%2Fv2%2Ftags&post=1179"}],"curies":[{"name":"wp","href":"https:\/\/api.w.org\/{rel}","templated":true}]}}