{"id":1195,"date":"2008-10-01T16:59:00","date_gmt":"2008-10-01T19:59:00","guid":{"rendered":"http:\/\/fmtinkunaco.redelivre.org.br\/latinoamerica-vive-por-fm-tinkunaco\/"},"modified":"2008-10-01T16:59:00","modified_gmt":"2008-10-01T19:59:00","slug":"latinoamerica-vive-por-fm-tinkunaco","status":"publish","type":"post","link":"https:\/\/fmtinkunaco.ar\/?p=1195","title":{"rendered":"Latinoamerica Vive por FM Tinkunaco"},"content":{"rendered":"<p>Este Lunes comenz\u00f3 una nueva propuesta a traves de la 107.3 de 13 a 14 horas.<br \/>Se trata de un programa con musica popular latinoamericana e informaci\u00f3n del acontecer de los paises de america latina.<\/p>\n<p>La conducci\u00f3n la lleva adelante Diego Mainetti.<br \/>En el primer programa el eje fue la situaci\u00f3n en Bolivia y el referendum llevado a cabo en Ecuador.<\/p>\n<p>Adem\u00e1s se pusieron al aire fragmentos de una entrevista realizada a Fernando Lugo por la agencia de Noticias \u00abDemocracy Now\u00bb que a su vez fue difundida por la Agencia de Noticias <a href=\"http:\/\/www.agenciapulsar.org\/\">Pulsar<br \/><\/a><\/p>\n<p><a style=\"font-size: 9px;color: #ccc;letter-spacing: -1px;text-decoration: none\" target=\"_blank\" href=\"http:\/\/boomp3.com\/listen\/c1fzrtth4_x\/pgm-bloque-1\" rel=\"noopener\">Boomp3.com<\/a><\/p>\n<p><a style=\"font-size: 9px;color: #ccc;letter-spacing: -1px;text-decoration: none\" target=\"_blank\" href=\"http:\/\/boomp3.com\/listen\/c1g05fqkd_i\/pgm-bloque-2\" rel=\"noopener\">Boomp3.com<\/a><\/p>\n<p><a style=\"font-size: 9px;color: #ccc;letter-spacing: -1px;text-decoration: none\" target=\"_blank\" href=\"http:\/\/boomp3.com\/listen\/c1g0kfbi2_q\/pgm-bloque-3\" rel=\"noopener\">Boomp3.com<\/a><\/p>\n<p><a style=\"font-size: 9px;color: #ccc;letter-spacing: -1px;text-decoration: none\" target=\"_blank\" href=\"http:\/\/boomp3.com\/listen\/c1g0tqyjl_v\/pgm-bloque-4\" rel=\"noopener\">Boomp3.com<\/a><\/p>\n","protected":false},"excerpt":{"rendered":"<p>Este Lunes comenz\u00f3 una nueva propuesta a traves de la 107.3 de 13 a 14 horas.Se trata de un programa con musica popular latinoamericana e informaci\u00f3n del acontecer de los paises de america latina. La conducci\u00f3n la lleva adelante Diego Mainetti.En el primer programa el eje fue la situaci\u00f3n en Bolivia y el referendum llevado [&hellip;]<\/p>\n","protected":false},"author":1,"featured_media":0,"comment_status":"open","ping_status":"open","sticky":false,"template":"","format":"standard","meta":{"footnotes":""},"categories":[8],"tags":[],"class_list":["post-1195","post","type-post","status-publish","format-standard","hentry","category-sem-categoria"],"_links":{"self":[{"href":"https:\/\/fmtinkunaco.ar\/index.php?rest_route=\/wp\/v2\/posts\/1195","targetHints":{"allow":["GET"]}}],"collection":[{"href":"https:\/\/fmtinkunaco.ar\/index.php?rest_route=\/wp\/v2\/posts"}],"about":[{"href":"https:\/\/fmtinkunaco.ar\/index.php?rest_route=\/wp\/v2\/types\/post"}],"author":[{"embeddable":true,"href":"https:\/\/fmtinkunaco.ar\/index.php?rest_route=\/wp\/v2\/users\/1"}],"replies":[{"embeddable":true,"href":"https:\/\/fmtinkunaco.ar\/index.php?rest_route=%2Fwp%2Fv2%2Fcomments&post=1195"}],"version-history":[{"count":0,"href":"https:\/\/fmtinkunaco.ar\/index.php?rest_route=\/wp\/v2\/posts\/1195\/revisions"}],"wp:attachment":[{"href":"https:\/\/fmtinkunaco.ar\/index.php?rest_route=%2Fwp%2Fv2%2Fmedia&parent=1195"}],"wp:term":[{"taxonomy":"category","embeddable":true,"href":"https:\/\/fmtinkunaco.ar\/index.php?rest_route=%2Fwp%2Fv2%2Fcategories&post=1195"},{"taxonomy":"post_tag","embeddable":true,"href":"https:\/\/fmtinkunaco.ar\/index.php?rest_route=%2Fwp%2Fv2%2Ftags&post=1195"}],"curies":[{"name":"wp","href":"https:\/\/api.w.org\/{rel}","templated":true}]}}