{"id":1196,"date":"2008-09-29T18:06:00","date_gmt":"2008-09-29T21:06:00","guid":{"rendered":"http:\/\/fmtinkunaco.redelivre.org.br\/violencia-familiar-no-te-aisles-busca-ayuda\/"},"modified":"2008-09-29T18:06:00","modified_gmt":"2008-09-29T21:06:00","slug":"violencia-familiar-no-te-aisles-busca-ayuda","status":"publish","type":"post","link":"https:\/\/fmtinkunaco.ar\/?p=1196","title":{"rendered":"Violencia Familiar, No te a\u00edsles busca ayuda"},"content":{"rendered":"<p>La semana pasada dialogamos con integrantes de la \u00abcasa de la Familia\u00bb de Del Viso (Centro de asistencia y prevenci\u00f3n de la violencia familiar y el abuso sexual infantil) y con integrantes de la ONG \u00abFamilias Fortalecidas\u00bb.<\/p>\n<p>La Casa de la Familia trabaja desde hace 11 a\u00f1os con un equipo interdisciplinario y la ONG familias fortalecidas trabaja desde hace 2 a\u00f1os en la prevenci\u00f3n de la violencia domestica.<\/p>\n<p>A continuaci\u00f3n parte de la entrevista:<\/p>\n<p><a style=\"font-size: 9px;color: #ccc;letter-spacing: -1px;text-decoration: none\" target=\"_blank\" href=\"http:\/\/boomp3.com\/listen\/c1e0igs4x_d\/entrevista-parte-1\" rel=\"noopener\">Boomp3.com<\/a><img loading=\"lazy\" decoding=\"async\" style=\"width:0px;height:0px\" border=\"0\" width=\"0\" height=\"0\" src=\"http:\/\/counters.gigya.com\/wildfire\/IMP\/CXNID=2000002.6NXC\/bT*xJmx*PTEyMjI3NTY4Nzk2NzEmcHQ9MTIyMjc1Njk*NjI2NSZwPTcwNzUxJmQ9Jm49Jmc9MSZ*PSZvPTZkOTI4ZDkwYjczZjQ3ZmM4OTc1ZDk4MGU1ZmM*NTlm.gif\" \/><\/p>\n<p><a style=\"font-size: 9px;color: #ccc;letter-spacing: -1px;text-decoration: none\" target=\"_blank\" href=\"http:\/\/boomp3.com\/listen\/17ce5y44o_3\/entrevista-parte-2\" rel=\"noopener\">Boomp3.com<\/a><\/p>\n<p><a style=\"font-size: 9px;color: #ccc;letter-spacing: -1px;text-decoration: none\" target=\"_blank\" href=\"http:\/\/boomp3.com\/listen\/4c0q6s6i_o\/entrevista-parte-3\" rel=\"noopener\">Boomp3.com<\/a><\/p>\n<p><a style=\"font-size: 9px;color: #ccc;letter-spacing: -1px;text-decoration: none\" target=\"_blank\" href=\"http:\/\/boomp3.com\/listen\/17c7al5v4_7\/entrevista-parte-4\" rel=\"noopener\">Boomp3.com<\/a><\/p>\n","protected":false},"excerpt":{"rendered":"<p>La semana pasada dialogamos con integrantes de la \u00abcasa de la Familia\u00bb de Del Viso (Centro de asistencia y prevenci\u00f3n de la violencia familiar y el abuso sexual infantil) y con integrantes de la ONG \u00abFamilias Fortalecidas\u00bb. La Casa de la Familia trabaja desde hace 11 a\u00f1os con un equipo interdisciplinario y la ONG familias [&hellip;]<\/p>\n","protected":false},"author":1,"featured_media":0,"comment_status":"open","ping_status":"open","sticky":false,"template":"","format":"standard","meta":{"footnotes":""},"categories":[8],"tags":[],"class_list":["post-1196","post","type-post","status-publish","format-standard","hentry","category-sem-categoria"],"_links":{"self":[{"href":"https:\/\/fmtinkunaco.ar\/index.php?rest_route=\/wp\/v2\/posts\/1196","targetHints":{"allow":["GET"]}}],"collection":[{"href":"https:\/\/fmtinkunaco.ar\/index.php?rest_route=\/wp\/v2\/posts"}],"about":[{"href":"https:\/\/fmtinkunaco.ar\/index.php?rest_route=\/wp\/v2\/types\/post"}],"author":[{"embeddable":true,"href":"https:\/\/fmtinkunaco.ar\/index.php?rest_route=\/wp\/v2\/users\/1"}],"replies":[{"embeddable":true,"href":"https:\/\/fmtinkunaco.ar\/index.php?rest_route=%2Fwp%2Fv2%2Fcomments&post=1196"}],"version-history":[{"count":0,"href":"https:\/\/fmtinkunaco.ar\/index.php?rest_route=\/wp\/v2\/posts\/1196\/revisions"}],"wp:attachment":[{"href":"https:\/\/fmtinkunaco.ar\/index.php?rest_route=%2Fwp%2Fv2%2Fmedia&parent=1196"}],"wp:term":[{"taxonomy":"category","embeddable":true,"href":"https:\/\/fmtinkunaco.ar\/index.php?rest_route=%2Fwp%2Fv2%2Fcategories&post=1196"},{"taxonomy":"post_tag","embeddable":true,"href":"https:\/\/fmtinkunaco.ar\/index.php?rest_route=%2Fwp%2Fv2%2Ftags&post=1196"}],"curies":[{"name":"wp","href":"https:\/\/api.w.org\/{rel}","templated":true}]}}