{"id":1489,"date":"2020-02-04T14:14:50","date_gmt":"2020-02-04T17:14:50","guid":{"rendered":"http:\/\/fmtinkunaco.com.ar\/?p=1489"},"modified":"2020-02-04T14:14:50","modified_gmt":"2020-02-04T17:14:50","slug":"este-sabado-arrancan-las-fiestas-barriales-de-carnaval","status":"publish","type":"post","link":"https:\/\/fmtinkunaco.ar\/?p=1489","title":{"rendered":"Este s\u00e1bado arrancan las fiestas barriales de carnaval"},"content":{"rendered":"<p style=\"text-align: justify\">Las Fiestas Barriales de Carnaval son un espacio de encuentro, de alegr\u00eda, de arte, de denuncia y de construcci\u00f3n colectiva. Desde hace 6 a\u00f1os el Centro Comunitario Providencia, el Jard\u00edn 903, el Centro Comunitario Santa Mar\u00eda de los \u00c1ngeles, la Murga Gastasuela y la Sociedad de Fomento Mariano Moreno organizan los corsos autogestivos o \u201cfiestas barriales de carnaval\u201d una fiesta de carnaval que incluye a toda la comunidad y recupera el espacio p\u00fablico como lugar de encuentro.<\/p>\n<p style=\"text-align: justify\">Este s\u00e1bado 8 de febrero en barrio Infico, Miguel Can\u00e9 y San Nicol\u00e1s, se realizar\u00e1 la primera de las fiestas barriales de carnaval del 2020. Estas fiestas barriales tienen varias premisas que las convierten en un verdadero lugar de encuentro con la cultura popular: Son Gratuitas, familiares, libres de violencias, para divertirse, encontrarse y sentir que otra realidad es posible.<\/p>\n<p style=\"text-align: justify\">En di\u00e1logo con el programa radial \u201cEncuentro con las Noticias\u201d, Omar Foresti, integrante de la Murga Gastasuela, expres\u00f3 la emoci\u00f3n de un nuevo a\u00f1o de fiestas barriales, \u201cLa verdad es que estamos contentos porque siempre implica toda una expectativa del barrio, la gente nos empieza a preguntar. Febrero es como que tiene un perfume muy especial, particular a carnaval, entonces a la gente le gusta y adem\u00e1s, es una opci\u00f3n econ\u00f3mica y un momento para poder divertirnos en el barrio\u201d.<\/p>\n<p style=\"text-align: justify\">Foresti, adem\u00e1s, remarc\u00f3 que se esperan murgas de diferentes puntos como San Miguel, Marilo, Cuartel V, Campana y adem\u00e1s recalc\u00f3 \u201cCreo que lo que a veces se trasmite es alegr\u00eda, una conexi\u00f3n especial con el vecino, cuando vos ves una sonrisa o ves un nene que se mete a bailar sin que vos le digas nada, te genera eso\u201d.<\/p>\n<p style=\"text-align: justify\">La de este s\u00e1bado ser\u00e1 la primera de una serie de fiestas barriales autogestivas de carnaval. Las actividades comienzan a las 19hs y en cada uno de las fechas habr\u00e1 un buffet econ\u00f3mico y solidario. Lo recaudado por el buffet y la venta de espuma permite que las organizaciones convocantes puedan seguir creciendo y brindando las actividades que ofrecen a la comunidad durante todo el a\u00f1o.<\/p>\n<p style=\"text-align: justify\">Escucha la entrevista completa:<\/p>\n<p>&nbsp;<\/p>\n<audio class=\"wp-audio-shortcode\" id=\"audio-1489-2\" preload=\"none\" style=\"width: 100%;\" controls=\"controls\"><source type=\"audio\/mpeg\" src=\"https:\/\/archive.org\/download\/audioomarforesti04022020\/AUDIO%20-%20OMAR%20FORESTI%2004%2002%202020.mp3?_=2\" \/><a href=\"https:\/\/archive.org\/download\/audioomarforesti04022020\/AUDIO%20-%20OMAR%20FORESTI%2004%2002%202020.mp3\">https:\/\/archive.org\/download\/audioomarforesti04022020\/AUDIO%20-%20OMAR%20FORESTI%2004%2002%202020.mp3<\/a><\/audio>\n<div class=\"powerpress_player\" id=\"powerpress_player_2412\"><audio class=\"wp-audio-shortcode\" id=\"audio-1489-1\" preload=\"none\" style=\"width: 100%;\" controls=\"controls\"><source type=\"audio\/mpeg\" src=\"https:\/\/archive.org\/download\/audioomarforesti04022020\/AUDIO%20-%20OMAR%20FORESTI%2004%2002%202020.mp3?_=1\" \/><a href=\"https:\/\/archive.org\/download\/audioomarforesti04022020\/AUDIO%20-%20OMAR%20FORESTI%2004%2002%202020.mp3\">https:\/\/archive.org\/download\/audioomarforesti04022020\/AUDIO%20-%20OMAR%20FORESTI%2004%2002%202020.mp3<\/a><\/audio><\/div><p class=\"powerpress_links powerpress_links_mp3\" style=\"margin-bottom: 1px !important;\">Podcast: <a href=\"https:\/\/archive.org\/download\/audioomarforesti04022020\/AUDIO%20-%20OMAR%20FORESTI%2004%2002%202020.mp3\" class=\"powerpress_link_pinw\" target=\"_blank\" title=\"Reproducir en una nueva ventana\" onclick=\"return powerpress_pinw('https:\/\/fmtinkunaco.ar\/?powerpress_pinw=1489-podcast');\" rel=\"nofollow\">Reproducir en una nueva ventana<\/a> | <a href=\"https:\/\/archive.org\/download\/audioomarforesti04022020\/AUDIO%20-%20OMAR%20FORESTI%2004%2002%202020.mp3\" class=\"powerpress_link_d\" title=\"Descargar\" rel=\"nofollow\" download=\"AUDIO%20-%20OMAR%20FORESTI%2004%2002%202020.mp3\">Descargar<\/a><\/p>","protected":false},"excerpt":{"rendered":"<p>Las Fiestas Barriales de Carnaval son un espacio de encuentro, de alegr\u00eda, de arte, de denuncia y de construcci\u00f3n colectiva. Desde hace 6 a\u00f1os el Centro Comunitario Providencia, el Jard\u00edn 903, el Centro Comunitario Santa Mar\u00eda de los \u00c1ngeles, la Murga Gastasuela y la Sociedad de Fomento Mariano Moreno organizan los corsos autogestivos o \u201cfiestas [&hellip;]<\/p>\n","protected":false},"author":1,"featured_media":1490,"comment_status":"open","ping_status":"open","sticky":false,"template":"","format":"standard","meta":{"footnotes":""},"categories":[3],"tags":[],"class_list":["post-1489","post","type-post","status-publish","format-standard","has-post-thumbnail","hentry","category-cultura"],"_links":{"self":[{"href":"https:\/\/fmtinkunaco.ar\/index.php?rest_route=\/wp\/v2\/posts\/1489","targetHints":{"allow":["GET"]}}],"collection":[{"href":"https:\/\/fmtinkunaco.ar\/index.php?rest_route=\/wp\/v2\/posts"}],"about":[{"href":"https:\/\/fmtinkunaco.ar\/index.php?rest_route=\/wp\/v2\/types\/post"}],"author":[{"embeddable":true,"href":"https:\/\/fmtinkunaco.ar\/index.php?rest_route=\/wp\/v2\/users\/1"}],"replies":[{"embeddable":true,"href":"https:\/\/fmtinkunaco.ar\/index.php?rest_route=%2Fwp%2Fv2%2Fcomments&post=1489"}],"version-history":[{"count":0,"href":"https:\/\/fmtinkunaco.ar\/index.php?rest_route=\/wp\/v2\/posts\/1489\/revisions"}],"wp:featuredmedia":[{"embeddable":true,"href":"https:\/\/fmtinkunaco.ar\/index.php?rest_route=\/"}],"wp:attachment":[{"href":"https:\/\/fmtinkunaco.ar\/index.php?rest_route=%2Fwp%2Fv2%2Fmedia&parent=1489"}],"wp:term":[{"taxonomy":"category","embeddable":true,"href":"https:\/\/fmtinkunaco.ar\/index.php?rest_route=%2Fwp%2Fv2%2Fcategories&post=1489"},{"taxonomy":"post_tag","embeddable":true,"href":"https:\/\/fmtinkunaco.ar\/index.php?rest_route=%2Fwp%2Fv2%2Ftags&post=1489"}],"curies":[{"name":"wp","href":"https:\/\/api.w.org\/{rel}","templated":true}]}}