{"id":1497,"date":"2020-02-04T16:32:50","date_gmt":"2020-02-04T19:32:50","guid":{"rendered":"http:\/\/fmtinkunaco.com.ar\/?p=1497"},"modified":"2020-02-04T16:32:50","modified_gmt":"2020-02-04T19:32:50","slug":"iniciaron-las-negociaciones-de-la-paritaria-docente-nacional","status":"publish","type":"post","link":"https:\/\/fmtinkunaco.ar\/?p=1497","title":{"rendered":"Iniciaron las negociaciones de la Paritaria Docente Nacional"},"content":{"rendered":"<p>El viernes 31 de enero, los gremios docentes nacionales y autoridades del Ministerio de Educaci\u00f3n Nacional reabrieron la discusi\u00f3n de la paritaria docente.<\/p>\n<p>La \u00faltima reuni\u00f3n hab\u00eda sido en el verano de 2016.<\/p>\n<p>En esta primera reuni\u00f3n, se pudo determinar la agenda de temas acordados por ambas partes y 10 comisiones de trabajo.<\/p>\n<p>En di\u00e1logo con el programa radial \u201cEncuentro con las Noticias\u201d, Silvia Almaz\u00e1n, Secretaria General Adjunta de SUTEBA, remarc\u00f3 el significado de la Paritaria Nacional Docente, <em>\u201cLa Paritaria Nacional Docente ha sido una conquista para nosotros y una pol\u00edtica p\u00fablica, por eso la consideramos \u00a0la restituci\u00f3n de un derecho para los trabajadores y las trabajadoras de la educaci\u00f3n por eso vivimos de una manera muy emocionados y emocionadas esta primer reuni\u00f3n, para nosotros es muy importante porque abre a las expectativas de los docentes de todo el pa\u00eds, de poder tener un \u00e1mbito en el cual plantear desde aquellas cuestiones que tienen que ver con lo salarial pero tambi\u00e9n abre a una agenda con diferentes temas\u201d<\/em>.<\/p>\n<p>Cada uno de estos temas de la agenda acordada entre el Ministerio de Educaci\u00f3n y los gremios docentes, responde a las demandas y a las propuestas que fueron presentadas.<\/p>\n<p>Adem\u00e1s, Almaz\u00e1n, se refiri\u00f3 a uno de los puntos a negociar en esta paritaria que responde al salario docente, <em>\u201cPara nosotros el salario es un derecho, y adem\u00e1s es una variable pedag\u00f3gica que significa un alto porcentual de docentes en todo el pa\u00eds, de jefes y jefas de familia a la par del resto de las familias del resto del pa\u00eds que buscan un trabajo con un salario digno, nosotros vamos en el mismo sentido; creemos que tiene que haber una recuperaci\u00f3n en el marco de la paritaria nacional, por empezar del piso salarial que es la responsabilidad del Estado Nacional y en consecuencia la transferencia de recursos a las jurisdicciones que no pueden garantizar ese piso\u201d<\/em>.<\/p>\n<p>A\u00fan no hay fecha para un nuevo encuentro.<\/p>\n<p>Escucha la entrevista completa:<\/p>\n<p>&nbsp;<\/p>\n<audio class=\"wp-audio-shortcode\" id=\"audio-1497-2\" preload=\"none\" style=\"width: 100%;\" controls=\"controls\"><source type=\"audio\/mpeg\" src=\"https:\/\/archive.org\/download\/audiosilviaalmazansuteba04022020\/AUDIO%20-%20SILVIA%20ALMAZAN%20-%20SUTEBA%2004%2002%202020.mp3?_=2\" \/><a href=\"https:\/\/archive.org\/download\/audiosilviaalmazansuteba04022020\/AUDIO%20-%20SILVIA%20ALMAZAN%20-%20SUTEBA%2004%2002%202020.mp3\">https:\/\/archive.org\/download\/audiosilviaalmazansuteba04022020\/AUDIO%20-%20SILVIA%20ALMAZAN%20-%20SUTEBA%2004%2002%202020.mp3<\/a><\/audio>\n<div class=\"powerpress_player\" id=\"powerpress_player_8227\"><audio class=\"wp-audio-shortcode\" id=\"audio-1497-1\" preload=\"none\" style=\"width: 100%;\" controls=\"controls\"><source type=\"audio\/mpeg\" src=\"https:\/\/archive.org\/download\/audiosilviaalmazansuteba04022020\/AUDIO%20-%20SILVIA%20ALMAZAN%20-%20SUTEBA%2004%2002%202020.mp3?_=1\" \/><a href=\"https:\/\/archive.org\/download\/audiosilviaalmazansuteba04022020\/AUDIO%20-%20SILVIA%20ALMAZAN%20-%20SUTEBA%2004%2002%202020.mp3\">https:\/\/archive.org\/download\/audiosilviaalmazansuteba04022020\/AUDIO%20-%20SILVIA%20ALMAZAN%20-%20SUTEBA%2004%2002%202020.mp3<\/a><\/audio><\/div><p class=\"powerpress_links powerpress_links_mp3\" style=\"margin-bottom: 1px !important;\">Podcast: <a href=\"https:\/\/archive.org\/download\/audiosilviaalmazansuteba04022020\/AUDIO%20-%20SILVIA%20ALMAZAN%20-%20SUTEBA%2004%2002%202020.mp3\" class=\"powerpress_link_pinw\" target=\"_blank\" title=\"Reproducir en una nueva ventana\" onclick=\"return powerpress_pinw('https:\/\/fmtinkunaco.ar\/?powerpress_pinw=1497-podcast');\" rel=\"nofollow\">Reproducir en una nueva ventana<\/a> | <a href=\"https:\/\/archive.org\/download\/audiosilviaalmazansuteba04022020\/AUDIO%20-%20SILVIA%20ALMAZAN%20-%20SUTEBA%2004%2002%202020.mp3\" class=\"powerpress_link_d\" title=\"Descargar\" rel=\"nofollow\" download=\"AUDIO%20-%20SILVIA%20ALMAZAN%20-%20SUTEBA%2004%2002%202020.mp3\">Descargar<\/a><\/p>","protected":false},"excerpt":{"rendered":"<p>El viernes 31 de enero, los gremios docentes nacionales y autoridades del Ministerio de Educaci\u00f3n Nacional reabrieron la discusi\u00f3n de la paritaria docente. La \u00faltima reuni\u00f3n hab\u00eda sido en el verano de 2016. En esta primera reuni\u00f3n, se pudo determinar la agenda de temas acordados por ambas partes y 10 comisiones de trabajo. En di\u00e1logo [&hellip;]<\/p>\n","protected":false},"author":1,"featured_media":1498,"comment_status":"open","ping_status":"open","sticky":false,"template":"","format":"standard","meta":{"footnotes":""},"categories":[5],"tags":[175,378,459],"class_list":["post-1497","post","type-post","status-publish","format-standard","has-post-thumbnail","hentry","category-educacion","tag-educacion","tag-paritaria-nacional-docente","tag-silvia-almazan"],"_links":{"self":[{"href":"https:\/\/fmtinkunaco.ar\/index.php?rest_route=\/wp\/v2\/posts\/1497","targetHints":{"allow":["GET"]}}],"collection":[{"href":"https:\/\/fmtinkunaco.ar\/index.php?rest_route=\/wp\/v2\/posts"}],"about":[{"href":"https:\/\/fmtinkunaco.ar\/index.php?rest_route=\/wp\/v2\/types\/post"}],"author":[{"embeddable":true,"href":"https:\/\/fmtinkunaco.ar\/index.php?rest_route=\/wp\/v2\/users\/1"}],"replies":[{"embeddable":true,"href":"https:\/\/fmtinkunaco.ar\/index.php?rest_route=%2Fwp%2Fv2%2Fcomments&post=1497"}],"version-history":[{"count":0,"href":"https:\/\/fmtinkunaco.ar\/index.php?rest_route=\/wp\/v2\/posts\/1497\/revisions"}],"wp:featuredmedia":[{"embeddable":true,"href":"https:\/\/fmtinkunaco.ar\/index.php?rest_route=\/"}],"wp:attachment":[{"href":"https:\/\/fmtinkunaco.ar\/index.php?rest_route=%2Fwp%2Fv2%2Fmedia&parent=1497"}],"wp:term":[{"taxonomy":"category","embeddable":true,"href":"https:\/\/fmtinkunaco.ar\/index.php?rest_route=%2Fwp%2Fv2%2Fcategories&post=1497"},{"taxonomy":"post_tag","embeddable":true,"href":"https:\/\/fmtinkunaco.ar\/index.php?rest_route=%2Fwp%2Fv2%2Ftags&post=1497"}],"curies":[{"name":"wp","href":"https:\/\/api.w.org\/{rel}","templated":true}]}}