{"id":1520,"date":"2020-02-05T13:03:03","date_gmt":"2020-02-05T16:03:03","guid":{"rendered":"http:\/\/fmtinkunaco.com.ar\/?p=1520"},"modified":"2020-02-05T13:03:03","modified_gmt":"2020-02-05T16:03:03","slug":"taller-de-bio-construccion-en-jose-c-paz","status":"publish","type":"post","link":"https:\/\/fmtinkunaco.ar\/?p=1520","title":{"rendered":"Taller de Bio Construcci\u00f3n en Jos\u00e9. C. Paz"},"content":{"rendered":"<p>Ma\u00f1ana, jueves 6 de febrero, arrancan los talleres de Bio Construcci\u00f3n que se llevar\u00e1n adelante en el Club Solidario \u201cEl Merendero\u201d de Sol y Verde, Jos\u00e9. C. Paz.<\/p>\n<p>El proyecto se propone compartir saberes pero adem\u00e1s colaborar con la construcci\u00f3n de un nuevo sal\u00f3n en el Merendero.<\/p>\n<p>En di\u00e1logo con el programa radial \u201cEncuentro con las Noticias\u201d, David San Roque, referente del proyecto, describi\u00f3 la bio construcci\u00f3n <em>\u201cEs una vieja forma de construir pero con hoy nuevas t\u00e9cnicas estudiadas a trav\u00e9s de lo que tiene que ver con las construcciones en barro y tiene que ver con construir con materiales naturales, como el barro, la paja y la madera\u201d<\/em>.<\/p>\n<p>San Roque, adem\u00e1s, remarc\u00f3 <em>\u201cLa propuesta no es s\u00f3lo construir una pared, sino tambi\u00e9n construir un pensamiento, una idea, un cuidar, un cuidarnos. Por eso invitamos a aquellos que tengan ecoladrillos ya armados o bueno, empezar a armarlos y poder hacer paredes, casas con barro, paja, maderas, ca\u00f1as y ecoladrillos. (\u2026) Estamos pensando una nueva forma de construir, de vivir y de generar espacios donde nos encontremos\u201d<\/em>.<\/p>\n<p>El taller se llevar\u00e1 adelante todos los jueves de febrero de 10 a 16 hs, \u00a0en el Club Solidario \u201cEl Merendero\u201d, ubicado en Dinamarca y Warner, barrio Sol y Verde, Jos\u00e9. C. Paz.<\/p>\n<p>Escucha la entrevista completa<\/p>\n<audio class=\"wp-audio-shortcode\" id=\"audio-1520-2\" preload=\"none\" style=\"width: 100%;\" controls=\"controls\"><source type=\"audio\/mpeg\" src=\"https:\/\/archive.org\/download\/audiodavidsanroque05022020\/AUDIO%20-%20DAVID%20SAN%20ROQUE%20-%2005%2002%202020.mp3?_=2\" \/><a href=\"https:\/\/archive.org\/download\/audiodavidsanroque05022020\/AUDIO%20-%20DAVID%20SAN%20ROQUE%20-%2005%2002%202020.mp3\">https:\/\/archive.org\/download\/audiodavidsanroque05022020\/AUDIO%20-%20DAVID%20SAN%20ROQUE%20-%2005%2002%202020.mp3<\/a><\/audio>\n<div class=\"powerpress_player\" id=\"powerpress_player_5845\"><audio class=\"wp-audio-shortcode\" id=\"audio-1520-1\" preload=\"none\" style=\"width: 100%;\" controls=\"controls\"><source type=\"audio\/mpeg\" src=\"https:\/\/archive.org\/download\/audiodavidsanroque05022020\/AUDIO%20-%20DAVID%20SAN%20ROQUE%20-%2005%2002%202020.mp3?_=1\" \/><a href=\"https:\/\/archive.org\/download\/audiodavidsanroque05022020\/AUDIO%20-%20DAVID%20SAN%20ROQUE%20-%2005%2002%202020.mp3\">https:\/\/archive.org\/download\/audiodavidsanroque05022020\/AUDIO%20-%20DAVID%20SAN%20ROQUE%20-%2005%2002%202020.mp3<\/a><\/audio><\/div><p class=\"powerpress_links powerpress_links_mp3\" style=\"margin-bottom: 1px !important;\">Podcast: <a href=\"https:\/\/archive.org\/download\/audiodavidsanroque05022020\/AUDIO%20-%20DAVID%20SAN%20ROQUE%20-%2005%2002%202020.mp3\" class=\"powerpress_link_pinw\" target=\"_blank\" title=\"Reproducir en una nueva ventana\" onclick=\"return powerpress_pinw('https:\/\/fmtinkunaco.ar\/?powerpress_pinw=1520-podcast');\" rel=\"nofollow\">Reproducir en una nueva ventana<\/a> | <a href=\"https:\/\/archive.org\/download\/audiodavidsanroque05022020\/AUDIO%20-%20DAVID%20SAN%20ROQUE%20-%2005%2002%202020.mp3\" class=\"powerpress_link_d\" title=\"Descargar\" rel=\"nofollow\" download=\"AUDIO%20-%20DAVID%20SAN%20ROQUE%20-%2005%2002%202020.mp3\">Descargar<\/a><\/p>","protected":false},"excerpt":{"rendered":"<p>Ma\u00f1ana, jueves 6 de febrero, arrancan los talleres de Bio Construcci\u00f3n que se llevar\u00e1n adelante en el Club Solidario \u201cEl Merendero\u201d de Sol y Verde, Jos\u00e9. C. Paz. El proyecto se propone compartir saberes pero adem\u00e1s colaborar con la construcci\u00f3n de un nuevo sal\u00f3n en el Merendero. En di\u00e1logo con el programa radial \u201cEncuentro con [&hellip;]<\/p>\n","protected":false},"author":1,"featured_media":1524,"comment_status":"open","ping_status":"open","sticky":false,"template":"","format":"standard","meta":{"footnotes":""},"categories":[3],"tags":[],"class_list":["post-1520","post","type-post","status-publish","format-standard","has-post-thumbnail","hentry","category-cultura"],"_links":{"self":[{"href":"https:\/\/fmtinkunaco.ar\/index.php?rest_route=\/wp\/v2\/posts\/1520","targetHints":{"allow":["GET"]}}],"collection":[{"href":"https:\/\/fmtinkunaco.ar\/index.php?rest_route=\/wp\/v2\/posts"}],"about":[{"href":"https:\/\/fmtinkunaco.ar\/index.php?rest_route=\/wp\/v2\/types\/post"}],"author":[{"embeddable":true,"href":"https:\/\/fmtinkunaco.ar\/index.php?rest_route=\/wp\/v2\/users\/1"}],"replies":[{"embeddable":true,"href":"https:\/\/fmtinkunaco.ar\/index.php?rest_route=%2Fwp%2Fv2%2Fcomments&post=1520"}],"version-history":[{"count":0,"href":"https:\/\/fmtinkunaco.ar\/index.php?rest_route=\/wp\/v2\/posts\/1520\/revisions"}],"wp:featuredmedia":[{"embeddable":true,"href":"https:\/\/fmtinkunaco.ar\/index.php?rest_route=\/"}],"wp:attachment":[{"href":"https:\/\/fmtinkunaco.ar\/index.php?rest_route=%2Fwp%2Fv2%2Fmedia&parent=1520"}],"wp:term":[{"taxonomy":"category","embeddable":true,"href":"https:\/\/fmtinkunaco.ar\/index.php?rest_route=%2Fwp%2Fv2%2Fcategories&post=1520"},{"taxonomy":"post_tag","embeddable":true,"href":"https:\/\/fmtinkunaco.ar\/index.php?rest_route=%2Fwp%2Fv2%2Ftags&post=1520"}],"curies":[{"name":"wp","href":"https:\/\/api.w.org\/{rel}","templated":true}]}}