{"id":1597,"date":"2020-02-06T15:26:51","date_gmt":"2020-02-06T18:26:51","guid":{"rendered":"http:\/\/fmtinkunaco.com.ar\/?p=1597"},"modified":"2020-02-06T15:26:51","modified_gmt":"2020-02-06T18:26:51","slug":"ate-moreno-estamos-reclamando-que-se-reincorpore-a-todo-aquel-trabajador-que-cumple-las-tareas","status":"publish","type":"post","link":"https:\/\/fmtinkunaco.ar\/?p=1597","title":{"rendered":"ATE Moreno: \u201cEstamos reclamando que se reincorpore a todo aquel trabajador que cumple las tareas\u201d"},"content":{"rendered":"<p>Los trabajadores y las trabajadoras municipales de Moreno, comenzaron el nuevo a\u00f1o manteniendo el reclamo de los 15% de aumento paritario y hoy, adem\u00e1s, exigen la reincorporaci\u00f3n de trabajadores y trabajadoras a los que no les renovaron el contrato pero desarrollaban de manera regular sus tareas.<\/p>\n<p>En di\u00e1logo con el programa radial \u201cEncuentro con las Noticias\u201d, Walter Cravero, Secretario General de ATE Moreno, se refiri\u00f3 al panorama con el que arrancaron el nuevo a\u00f1o respecto a la nueva gesti\u00f3n de Mariel Fern\u00e1ndez,<em> \u201cHubo un mont\u00f3n de situaciones que dej\u00f3 el gobierno anterior que complican la gesti\u00f3n por una parte, por otro lado una decisi\u00f3n de gobierno de no renovar contratos, y obviamente eso trajo una complejidad que derivo en mucha discusi\u00f3n y deriv\u00f3 en asambleas para ver cu\u00e1les eran los recorridos de los distintos sectores de la municipalidad. La realidad es que su grueso, los trabajadores y trabajadoras repudian la gesti\u00f3n anterior y repudian todo aquello que est\u00e9 vinculado a esa gesti\u00f3n y en eso estamos hablando de trabajadores que han sido impulsores de las pol\u00edticas que generaron maltrato y destrato laboral y hoy est\u00e1n reclamando un derecho cuando meses atr\u00e1s lo ninguneaban totalmente\u201d<\/em>.<\/p>\n<p>Adem\u00e1s, Cravero, remarc\u00f3 que la medida de la no renovaci\u00f3n de contratos fue aplicada sobre 400 trabajadores y trabajadoras, <em>\u201cPrimero la medida fue comunicada con 400 contratos, diciendo que los 400 estaban ligados a la gesti\u00f3n Festa; nosotros dec\u00edamos que no pod\u00eda ser ese n\u00famero, de hecho los n\u00fameros de la municipalidad no est\u00e1n tan excedidos son 5400 trabajadores municipales. (\u2026) Y en los 400 contratos encontramos un mont\u00f3n de compa\u00f1eros que cumpl\u00edan normal y regularmente las tareas en la municipalidad de Moreno y eso es lo que estamos reclamando, que se reincorpore todo aquel trabajador que cumple las tareas\u201d<\/em>.<\/p>\n<p>Finalmente, Walter Cravero, calific\u00f3 de franco el di\u00e1logo que tienen con la nueva gesti\u00f3n de Moreno, <em>\u201cLa verdad es que es franco, las medidas que dicen que aplican, aplican y lo que no se comprometen, nosotros por m\u00e1s que pidamos, dicen por ahora no nos vamos a comprometer a cosas que por ahora son imposibles y se est\u00e1 convocando a los \u00e1mbitos de dialogo con lo cual se convoca a todos los gremios y la l\u00f3gica sigue siendo como la anterior gesti\u00f3n pero entendemos que hay franqueza; como todo hay que ir viendo, hay que ir midiendo\u201c<\/em>.<\/p>\n<p>Actualmente, algunos trabajadores y trabajadoras fueron reincorporados luego de revisar su situaci\u00f3n pero contin\u00faan a la espera de m\u00e1s reincorporaciones.<\/p>\n<p>Escucha la entrevista completa<\/p>\n<p>&nbsp;<\/p>\n<audio class=\"wp-audio-shortcode\" id=\"audio-1597-2\" preload=\"none\" style=\"width: 100%;\" controls=\"controls\"><source type=\"audio\/mpeg\" src=\"https:\/\/archive.org\/download\/audiowaltercraveroatemoreno06022020\/AUDIO%20-%20WALTER%20CRAVERO%20-%20ATE%20MORENO%2006%2002%202020.mp3?_=2\" \/><a href=\"https:\/\/archive.org\/download\/audiowaltercraveroatemoreno06022020\/AUDIO%20-%20WALTER%20CRAVERO%20-%20ATE%20MORENO%2006%2002%202020.mp3\">https:\/\/archive.org\/download\/audiowaltercraveroatemoreno06022020\/AUDIO%20-%20WALTER%20CRAVERO%20-%20ATE%20MORENO%2006%2002%202020.mp3<\/a><\/audio>\n<div class=\"powerpress_player\" id=\"powerpress_player_5790\"><audio class=\"wp-audio-shortcode\" id=\"audio-1597-1\" preload=\"none\" style=\"width: 100%;\" controls=\"controls\"><source type=\"audio\/mpeg\" src=\"https:\/\/archive.org\/download\/audiowaltercraveroatemoreno06022020\/AUDIO%20-%20WALTER%20CRAVERO%20-%20ATE%20MORENO%2006%2002%202020.mp3?_=1\" \/><a href=\"https:\/\/archive.org\/download\/audiowaltercraveroatemoreno06022020\/AUDIO%20-%20WALTER%20CRAVERO%20-%20ATE%20MORENO%2006%2002%202020.mp3\">https:\/\/archive.org\/download\/audiowaltercraveroatemoreno06022020\/AUDIO%20-%20WALTER%20CRAVERO%20-%20ATE%20MORENO%2006%2002%202020.mp3<\/a><\/audio><\/div><p class=\"powerpress_links powerpress_links_mp3\" style=\"margin-bottom: 1px !important;\">Podcast: <a href=\"https:\/\/archive.org\/download\/audiowaltercraveroatemoreno06022020\/AUDIO%20-%20WALTER%20CRAVERO%20-%20ATE%20MORENO%2006%2002%202020.mp3\" class=\"powerpress_link_pinw\" target=\"_blank\" title=\"Reproducir en una nueva ventana\" onclick=\"return powerpress_pinw('https:\/\/fmtinkunaco.ar\/?powerpress_pinw=1597-podcast');\" rel=\"nofollow\">Reproducir en una nueva ventana<\/a> | <a href=\"https:\/\/archive.org\/download\/audiowaltercraveroatemoreno06022020\/AUDIO%20-%20WALTER%20CRAVERO%20-%20ATE%20MORENO%2006%2002%202020.mp3\" class=\"powerpress_link_d\" title=\"Descargar\" rel=\"nofollow\" download=\"AUDIO%20-%20WALTER%20CRAVERO%20-%20ATE%20MORENO%2006%2002%202020.mp3\">Descargar<\/a><\/p>","protected":false},"excerpt":{"rendered":"<p>Los trabajadores y las trabajadoras municipales de Moreno, comenzaron el nuevo a\u00f1o manteniendo el reclamo de los 15% de aumento paritario y hoy, adem\u00e1s, exigen la reincorporaci\u00f3n de trabajadores y trabajadoras a los que no les renovaron el contrato pero desarrollaban de manera regular sus tareas. En di\u00e1logo con el programa radial \u201cEncuentro con las [&hellip;]<\/p>\n","protected":false},"author":1,"featured_media":1598,"comment_status":"open","ping_status":"open","sticky":false,"template":"","format":"standard","meta":{"footnotes":""},"categories":[4],"tags":[58,486],"class_list":["post-1597","post","type-post","status-publish","format-standard","has-post-thumbnail","hentry","category-derechos-humanos","tag-ate-moreno","tag-trabajo"],"_links":{"self":[{"href":"https:\/\/fmtinkunaco.ar\/index.php?rest_route=\/wp\/v2\/posts\/1597","targetHints":{"allow":["GET"]}}],"collection":[{"href":"https:\/\/fmtinkunaco.ar\/index.php?rest_route=\/wp\/v2\/posts"}],"about":[{"href":"https:\/\/fmtinkunaco.ar\/index.php?rest_route=\/wp\/v2\/types\/post"}],"author":[{"embeddable":true,"href":"https:\/\/fmtinkunaco.ar\/index.php?rest_route=\/wp\/v2\/users\/1"}],"replies":[{"embeddable":true,"href":"https:\/\/fmtinkunaco.ar\/index.php?rest_route=%2Fwp%2Fv2%2Fcomments&post=1597"}],"version-history":[{"count":0,"href":"https:\/\/fmtinkunaco.ar\/index.php?rest_route=\/wp\/v2\/posts\/1597\/revisions"}],"wp:featuredmedia":[{"embeddable":true,"href":"https:\/\/fmtinkunaco.ar\/index.php?rest_route=\/"}],"wp:attachment":[{"href":"https:\/\/fmtinkunaco.ar\/index.php?rest_route=%2Fwp%2Fv2%2Fmedia&parent=1597"}],"wp:term":[{"taxonomy":"category","embeddable":true,"href":"https:\/\/fmtinkunaco.ar\/index.php?rest_route=%2Fwp%2Fv2%2Fcategories&post=1597"},{"taxonomy":"post_tag","embeddable":true,"href":"https:\/\/fmtinkunaco.ar\/index.php?rest_route=%2Fwp%2Fv2%2Ftags&post=1597"}],"curies":[{"name":"wp","href":"https:\/\/api.w.org\/{rel}","templated":true}]}}