{"id":1607,"date":"2020-02-06T16:36:33","date_gmt":"2020-02-06T19:36:33","guid":{"rendered":"http:\/\/fmtinkunaco.com.ar\/?p=1607"},"modified":"2020-02-06T16:36:33","modified_gmt":"2020-02-06T19:36:33","slug":"pilar-vecinos-autoconvocados-denunciados-por-la-termoelectrica-apr-energy","status":"publish","type":"post","link":"https:\/\/fmtinkunaco.ar\/?p=1607","title":{"rendered":"Pilar: Vecinos Autoconvocados denunciados por la termoel\u00e9ctrica APR ENERGY"},"content":{"rendered":"<p>Vecinos Autoconvocados, denunciaron el funcionamiento de termoel\u00e9ctricas de grado 3 en el partido de Pilar. Son industrias peligrosas y justamente por esa peligrosidad es que tienen que estar lejos de la poblaci\u00f3n.<\/p>\n<p>Luego de las medidas cautelares que fueron firmadas por diferentes vecinos, la termoel\u00e9ctrica denunciada APR ENERGY, los denunci\u00f3 por da\u00f1os y perjuicios.<\/p>\n<p>En di\u00e1logo con el programa radial \u201cEncuentro con las Noticias\u201d, Erica Hahn, integrante de la Organizaci\u00f3n Ambientalistas Autoconvocados, se refiri\u00f3 a la denuncia por da\u00f1os y perjuicios qye recibieron por parte de la empresa, <em>\u201cHoy APR ENERGY est\u00e1 en contra de los vecinos, y nos ha llegado a los vecinos que firmamos las medidas cautelares nos est\u00e1n llegando multas de $5 mil pesos por no haber ido a una mediaci\u00f3n, s\u00ed bien la que nos hizo el juicio es APR ac\u00e1 es el tema judicial; el juzgado es el que nos est\u00e1 queriendo cobrar los $5 mil pesos. Por supuesto que estamos actuando de manera legal para no tener que pagar eso porque nos parece que en su momento no correspond\u00eda que las empresas por haber hecho nosotros \u00a0unas medidas cautelares nos hagan juicio a los vecinos por da\u00f1os y perjuicios. Supuestamente eso lo hab\u00edamos frenado pero ahora nos encontramos con que nos llegaron estas intimaciones a pagar estas multas\u201d<\/em>.<\/p>\n<p>Adem\u00e1s, Hahn, se refiri\u00f3 al rol que esperan que cumpla el nuevo gobierno, <em>\u201cNo es casual que est\u00e9 pasando en este momento donde la lucha se est\u00e1 empezando a incrementar otra vez. Estamos esperando y d\u00e1ndole tiempo a este nuevo gobierno que se acomode, como para ver qu\u00e9 es lo que va hacer. \u00a0En su momento siempre estuvieron en contra o apoyando a los vecinos, ahora lo que hay que hacer es trabajar en conjunto para tratar de erradicar este problema. Y se est\u00e1 preparando una movida para que se tomen cartas en el asunto o se nos diga que es lo que se va a hacer al respecto de parte del nuevo gobierno con el tema de las termoel\u00e9ctricas\u201d<\/em>.<\/p>\n<p>Escucha la entrevista completa<\/p>\n<p>&nbsp;<\/p>\n<audio class=\"wp-audio-shortcode\" id=\"audio-1607-2\" preload=\"none\" style=\"width: 100%;\" controls=\"controls\"><source type=\"audio\/mpeg\" src=\"https:\/\/archive.org\/download\/audioericahahnambientalistasautoconvocados06022020\/AUDIO%20-%20ERICA%20HAHN%20-%20AMBIENTALISTAS%20AUTOCONVOCADOS%2006%2002%202020.mp3?_=2\" \/><a href=\"https:\/\/archive.org\/download\/audioericahahnambientalistasautoconvocados06022020\/AUDIO%20-%20ERICA%20HAHN%20-%20AMBIENTALISTAS%20AUTOCONVOCADOS%2006%2002%202020.mp3\">https:\/\/archive.org\/download\/audioericahahnambientalistasautoconvocados06022020\/AUDIO%20-%20ERICA%20HAHN%20-%20AMBIENTALISTAS%20AUTOCONVOCADOS%2006%2002%202020.mp3<\/a><\/audio>\n<div class=\"powerpress_player\" id=\"powerpress_player_9996\"><audio class=\"wp-audio-shortcode\" id=\"audio-1607-1\" preload=\"none\" style=\"width: 100%;\" controls=\"controls\"><source type=\"audio\/mpeg\" src=\"https:\/\/archive.org\/download\/audioericahahnambientalistasautoconvocados06022020\/AUDIO%20-%20ERICA%20HAHN%20-%20AMBIENTALISTAS%20AUTOCONVOCADOS%2006%2002%202020.mp3?_=1\" \/><a href=\"https:\/\/archive.org\/download\/audioericahahnambientalistasautoconvocados06022020\/AUDIO%20-%20ERICA%20HAHN%20-%20AMBIENTALISTAS%20AUTOCONVOCADOS%2006%2002%202020.mp3\">https:\/\/archive.org\/download\/audioericahahnambientalistasautoconvocados06022020\/AUDIO%20-%20ERICA%20HAHN%20-%20AMBIENTALISTAS%20AUTOCONVOCADOS%2006%2002%202020.mp3<\/a><\/audio><\/div><p class=\"powerpress_links powerpress_links_mp3\" style=\"margin-bottom: 1px !important;\">Podcast: <a href=\"https:\/\/archive.org\/download\/audioericahahnambientalistasautoconvocados06022020\/AUDIO%20-%20ERICA%20HAHN%20-%20AMBIENTALISTAS%20AUTOCONVOCADOS%2006%2002%202020.mp3\" class=\"powerpress_link_pinw\" target=\"_blank\" title=\"Reproducir en una nueva ventana\" onclick=\"return powerpress_pinw('https:\/\/fmtinkunaco.ar\/?powerpress_pinw=1607-podcast');\" rel=\"nofollow\">Reproducir en una nueva ventana<\/a> | <a href=\"https:\/\/archive.org\/download\/audioericahahnambientalistasautoconvocados06022020\/AUDIO%20-%20ERICA%20HAHN%20-%20AMBIENTALISTAS%20AUTOCONVOCADOS%2006%2002%202020.mp3\" class=\"powerpress_link_d\" title=\"Descargar\" rel=\"nofollow\" download=\"AUDIO%20-%20ERICA%20HAHN%20-%20AMBIENTALISTAS%20AUTOCONVOCADOS%2006%2002%202020.mp3\">Descargar<\/a><\/p>","protected":false},"excerpt":{"rendered":"<p>Vecinos Autoconvocados, denunciaron el funcionamiento de termoel\u00e9ctricas de grado 3 en el partido de Pilar. Son industrias peligrosas y justamente por esa peligrosidad es que tienen que estar lejos de la poblaci\u00f3n. Luego de las medidas cautelares que fueron firmadas por diferentes vecinos, la termoel\u00e9ctrica denunciada APR ENERGY, los denunci\u00f3 por da\u00f1os y perjuicios. En [&hellip;]<\/p>\n","protected":false},"author":1,"featured_media":1608,"comment_status":"open","ping_status":"open","sticky":false,"template":"","format":"standard","meta":{"footnotes":""},"categories":[4],"tags":[35,36,474],"class_list":["post-1607","post","type-post","status-publish","format-standard","has-post-thumbnail","hentry","category-derechos-humanos","tag-ambientalistas-autoconvocados","tag-ambiente","tag-termoelectrica"],"_links":{"self":[{"href":"https:\/\/fmtinkunaco.ar\/index.php?rest_route=\/wp\/v2\/posts\/1607","targetHints":{"allow":["GET"]}}],"collection":[{"href":"https:\/\/fmtinkunaco.ar\/index.php?rest_route=\/wp\/v2\/posts"}],"about":[{"href":"https:\/\/fmtinkunaco.ar\/index.php?rest_route=\/wp\/v2\/types\/post"}],"author":[{"embeddable":true,"href":"https:\/\/fmtinkunaco.ar\/index.php?rest_route=\/wp\/v2\/users\/1"}],"replies":[{"embeddable":true,"href":"https:\/\/fmtinkunaco.ar\/index.php?rest_route=%2Fwp%2Fv2%2Fcomments&post=1607"}],"version-history":[{"count":0,"href":"https:\/\/fmtinkunaco.ar\/index.php?rest_route=\/wp\/v2\/posts\/1607\/revisions"}],"wp:featuredmedia":[{"embeddable":true,"href":"https:\/\/fmtinkunaco.ar\/index.php?rest_route=\/"}],"wp:attachment":[{"href":"https:\/\/fmtinkunaco.ar\/index.php?rest_route=%2Fwp%2Fv2%2Fmedia&parent=1607"}],"wp:term":[{"taxonomy":"category","embeddable":true,"href":"https:\/\/fmtinkunaco.ar\/index.php?rest_route=%2Fwp%2Fv2%2Fcategories&post=1607"},{"taxonomy":"post_tag","embeddable":true,"href":"https:\/\/fmtinkunaco.ar\/index.php?rest_route=%2Fwp%2Fv2%2Ftags&post=1607"}],"curies":[{"name":"wp","href":"https:\/\/api.w.org\/{rel}","templated":true}]}}