{"id":1637,"date":"2020-02-13T15:05:44","date_gmt":"2020-02-13T18:05:44","guid":{"rendered":"http:\/\/fmtinkunaco.com.ar\/?p=1637"},"modified":"2020-02-13T15:05:44","modified_gmt":"2020-02-13T18:05:44","slug":"comunicado-urgente-de-radio-fm-tinkunaco","status":"publish","type":"post","link":"https:\/\/fmtinkunaco.ar\/?p=1637","title":{"rendered":"Comunicado urgente de Radio FM Tinkunaco"},"content":{"rendered":"<p>Lunes 10 de febrero de 2020<\/p>\n<p>Compa\u00f1erxs, vecinxs y organizaciones amigas, mediante este escrito lamentamos contarles que desde el d\u00eda viernes 7 de febrero del corriente a\u00f1o nos encontramos fuera del aire. El motivo responde a la ca\u00edda de un rayo sobre nuestra antena producto de la tormenta el\u00e9ctrica.<br \/>\n<span class=\"text_exposed_show\"><br \/>\nA\u00fan nos encontramos evaluando las perdidas. Hasta el momento la consola, el transmisor y la pc de aire est\u00e1n principalmente afectados. En el d\u00eda de hoy, realizamos tareas para solucionar los problemas de la luz y el internet.<\/p>\n<p>Frente a este contexto que golpea especialmente en t\u00e9rminos econ\u00f3micos a nuestras organizaciones, nos encontramos en la necesidad de buscar respuestas colectivas. Por lo que convocamos a una asamblea con el objetivo de pensar soluciones en conjunto.<\/span><\/p>\n<div class=\"text_exposed_show\">\n<p>Equipo de FM Tinkunaco.<\/p>\n<\/div>\n","protected":false},"excerpt":{"rendered":"<p>Lunes 10 de febrero de 2020 Compa\u00f1erxs, vecinxs y organizaciones amigas, mediante este escrito lamentamos contarles que desde el d\u00eda viernes 7 de febrero del corriente a\u00f1o nos encontramos fuera del aire. El motivo responde a la ca\u00edda de un rayo sobre nuestra antena producto de la tormenta el\u00e9ctrica. A\u00fan nos encontramos evaluando las perdidas. [&hellip;]<\/p>\n","protected":false},"author":1,"featured_media":1638,"comment_status":"open","ping_status":"open","sticky":false,"template":"","format":"standard","meta":{"footnotes":""},"categories":[4],"tags":[],"class_list":["post-1637","post","type-post","status-publish","format-standard","has-post-thumbnail","hentry","category-derechos-humanos"],"_links":{"self":[{"href":"https:\/\/fmtinkunaco.ar\/index.php?rest_route=\/wp\/v2\/posts\/1637","targetHints":{"allow":["GET"]}}],"collection":[{"href":"https:\/\/fmtinkunaco.ar\/index.php?rest_route=\/wp\/v2\/posts"}],"about":[{"href":"https:\/\/fmtinkunaco.ar\/index.php?rest_route=\/wp\/v2\/types\/post"}],"author":[{"embeddable":true,"href":"https:\/\/fmtinkunaco.ar\/index.php?rest_route=\/wp\/v2\/users\/1"}],"replies":[{"embeddable":true,"href":"https:\/\/fmtinkunaco.ar\/index.php?rest_route=%2Fwp%2Fv2%2Fcomments&post=1637"}],"version-history":[{"count":0,"href":"https:\/\/fmtinkunaco.ar\/index.php?rest_route=\/wp\/v2\/posts\/1637\/revisions"}],"wp:featuredmedia":[{"embeddable":true,"href":"https:\/\/fmtinkunaco.ar\/index.php?rest_route=\/"}],"wp:attachment":[{"href":"https:\/\/fmtinkunaco.ar\/index.php?rest_route=%2Fwp%2Fv2%2Fmedia&parent=1637"}],"wp:term":[{"taxonomy":"category","embeddable":true,"href":"https:\/\/fmtinkunaco.ar\/index.php?rest_route=%2Fwp%2Fv2%2Fcategories&post=1637"},{"taxonomy":"post_tag","embeddable":true,"href":"https:\/\/fmtinkunaco.ar\/index.php?rest_route=%2Fwp%2Fv2%2Ftags&post=1637"}],"curies":[{"name":"wp","href":"https:\/\/api.w.org\/{rel}","templated":true}]}}