{"id":1641,"date":"2020-02-13T15:10:36","date_gmt":"2020-02-13T18:10:36","guid":{"rendered":"http:\/\/fmtinkunaco.com.ar\/?p=1641"},"modified":"2020-02-13T15:10:36","modified_gmt":"2020-02-13T18:10:36","slug":"balance-de-la-primera-asamblea-por-la-vuelta-al-aire-de-la-tinku","status":"publish","type":"post","link":"https:\/\/fmtinkunaco.ar\/?p=1641","title":{"rendered":"Balance de la primera asamblea \u201cPor la vuelta al aire de la Tinku\u201d"},"content":{"rendered":"<p>Mi\u00e9rcoles 12 de febrero de 2020<\/p>\n<p>En el d\u00eda de hoy, se llev\u00f3 delante la primera asamblea en b\u00fasqueda de soluciones colectivas que permitan la vuelta al aire de la FM Tinkunaco.<\/p>\n<div class=\"text_exposed_show\">\n<p>La misma cont\u00f3 con la participaci\u00f3n de diferentes compa\u00f1erxs, vecinxs, docentes y organizaciones amigas como: Centro Comunitario Bel\u00e9n, Biblioteca Popular Paulo Freire, FM Gallo Rojo, Centro Comunitario Lagarto Juancho, Hijxs del Carnaval, FM La Un\u00ed, Asociaci\u00f3n de Sobrevivientes Familiares y Compa\u00f1erxs de Campo de Mayo, ARANDU Comunidades y Resistencia Audiovisual, Movimiento Nacional Ferroviario, Asamblea No al Cierre de las Salitas, Museo Imaginario de la Universidad Nacional de General Sarmiento, Vecinos Unidos de San Atilio, Organizaci\u00f3n EnAcci\u00f3n, Orquesta Sinf\u00f3nica de Jos\u00e9. C. Paz, Murga Resakados del Trueno, Centro Cultural Frino y Relatos de Periferia.<\/p>\n<p>Fueron muchas las propuestas que acercaron los diferentes espacios, algunas ideas a\u00fan siguen en proceso de organizaci\u00f3n, pero ya podemos confirmar que, en primer lugar, comenzaremos a implementar Bonos Solidarios con diferentes valores.<br \/>\nPor otro lado, este s\u00e1bado la Tinkunaco participar\u00e1 en la Fiesta Barrial Resakada con un puesto de venta ofrecido por Resakados del Trueno.<br \/>\nY se realizar\u00e1 un \u201cCorso Barrial y Solidario\u201d el d\u00eda s\u00e1bado 29 de febrero en la Plaza San Atilio de Jos\u00e9. C. Paz. En los pr\u00f3ximos d\u00edas iremos brindando m\u00e1s detalles sobre la propuesta del corso.<\/p>\n<p>Finalizando, surgi\u00f3 la fecha para la segunda asamblea que se realizar\u00e1 el d\u00eda lunes 17 de febrero a partir de las 18hs en la FM Tinkunaco, San Salvador y Carabobo, San Atilio, Jos\u00e9. C. Paz.<\/p>\n<p>Agradecemos a cada unx de lxs compa\u00f1erxs que se acercaron y participaron activamente de la asamblea, estamos muy agradecidxs.<\/p>\n<p>&nbsp;<\/p>\n<\/div>\n","protected":false},"excerpt":{"rendered":"<p>Mi\u00e9rcoles 12 de febrero de 2020 En el d\u00eda de hoy, se llev\u00f3 delante la primera asamblea en b\u00fasqueda de soluciones colectivas que permitan la vuelta al aire de la FM Tinkunaco. La misma cont\u00f3 con la participaci\u00f3n de diferentes compa\u00f1erxs, vecinxs, docentes y organizaciones amigas como: Centro Comunitario Bel\u00e9n, Biblioteca Popular Paulo Freire, FM [&hellip;]<\/p>\n","protected":false},"author":1,"featured_media":1642,"comment_status":"open","ping_status":"open","sticky":false,"template":"","format":"standard","meta":{"footnotes":""},"categories":[4],"tags":[],"class_list":["post-1641","post","type-post","status-publish","format-standard","has-post-thumbnail","hentry","category-derechos-humanos"],"_links":{"self":[{"href":"https:\/\/fmtinkunaco.ar\/index.php?rest_route=\/wp\/v2\/posts\/1641","targetHints":{"allow":["GET"]}}],"collection":[{"href":"https:\/\/fmtinkunaco.ar\/index.php?rest_route=\/wp\/v2\/posts"}],"about":[{"href":"https:\/\/fmtinkunaco.ar\/index.php?rest_route=\/wp\/v2\/types\/post"}],"author":[{"embeddable":true,"href":"https:\/\/fmtinkunaco.ar\/index.php?rest_route=\/wp\/v2\/users\/1"}],"replies":[{"embeddable":true,"href":"https:\/\/fmtinkunaco.ar\/index.php?rest_route=%2Fwp%2Fv2%2Fcomments&post=1641"}],"version-history":[{"count":0,"href":"https:\/\/fmtinkunaco.ar\/index.php?rest_route=\/wp\/v2\/posts\/1641\/revisions"}],"wp:featuredmedia":[{"embeddable":true,"href":"https:\/\/fmtinkunaco.ar\/index.php?rest_route=\/"}],"wp:attachment":[{"href":"https:\/\/fmtinkunaco.ar\/index.php?rest_route=%2Fwp%2Fv2%2Fmedia&parent=1641"}],"wp:term":[{"taxonomy":"category","embeddable":true,"href":"https:\/\/fmtinkunaco.ar\/index.php?rest_route=%2Fwp%2Fv2%2Fcategories&post=1641"},{"taxonomy":"post_tag","embeddable":true,"href":"https:\/\/fmtinkunaco.ar\/index.php?rest_route=%2Fwp%2Fv2%2Ftags&post=1641"}],"curies":[{"name":"wp","href":"https:\/\/api.w.org\/{rel}","templated":true}]}}