{"id":1678,"date":"2020-02-18T13:48:53","date_gmt":"2020-02-18T16:48:53","guid":{"rendered":"http:\/\/fmtinkunaco.com.ar\/?p=1678"},"modified":"2020-02-18T13:48:53","modified_gmt":"2020-02-18T16:48:53","slug":"19f-dia-de-accion-verde-por-el-aborto-legal","status":"publish","type":"post","link":"https:\/\/fmtinkunaco.ar\/?p=1678","title":{"rendered":"#19F D\u00eda de Acci\u00f3n Verde por el Aborto Legal"},"content":{"rendered":"<p>Ma\u00f1ana, mi\u00e9rcoles 19 de febrero, se llevar\u00e1 adelante la acci\u00f3n federal por el D\u00eda de Acci\u00f3n Verde por el Aborto Legal en el municipio de Jos\u00e9. C. Paz, a partir de las 18hs.<\/p>\n<p>La actividad es organizada por la Campa\u00f1a Nacional por el Derecho al Aborto Legal, Seguro y Gratuito Noroeste- GBA y por la Asamblea Feminista Conurbana Noroeste.<\/p>\n<p>En di\u00e1logo con el programa radial \u201cEncuentro con las Noticias\u201d, Sandra Hoyos, integrante de la Campa\u00f1a Nacional, describi\u00f3 la actividad del d\u00eda de ma\u00f1ana, <em>\u201cLo del mi\u00e9rcoles es una actividad a nivel federal y tambi\u00e9n hay repercusiones a nivel internacional, iniciando el a\u00f1o con un pa\u00f1uelazo ya que estamos en las v\u00edsperas de que posiblemente se pueda debatir nuevamente nuestro Proyecto de Ley y la idea es difundir la cuesti\u00f3n del Derecho al Aborto y tambi\u00e9n seguir dando a conocer el Proyecto\u201d<\/em>.<\/p>\n<p>Hoyos, adem\u00e1s, describi\u00f3 los talleres y los stands que habr\u00e1 ma\u00f1ana, <em>\u201cVamos a estar con algunos talleres en simultaneo, un taller informativo sobre el Proyecto de Ley y argumentos. Tambi\u00e9n se sumaron las compa\u00f1eras del Frente de Mujeres Visuales y van a estar con un taller de grabado.<\/em><br \/>\n<em> Va a estar el stand con material informativo, de otras organizaciones, venta de libros,\u00a0 y a las 19hs en simultaneo se va a dar el pa\u00f1uelazo para seguir visibilizando esta lucha y esta organizaci\u00f3n\u201d<\/em>.<\/p>\n<p>La actividad comenzar\u00e1, este mi\u00e9rcoles, \u00a0a partir de las 18 hs en la Plaza Manuel Belgrano de Jos\u00e9. C. Paz &#8211; Altube y Gelly Obes.<\/p>\n<p>Escucha la entrevista completa<\/p>\n<p><a href=\"https:\/\/archive.org\/details\/audiosandrahoyos19f17022020\">Descargar<\/a><\/p>\n<audio class=\"wp-audio-shortcode\" id=\"audio-1678-2\" preload=\"none\" style=\"width: 100%;\" controls=\"controls\"><source type=\"audio\/mpeg\" src=\"https:\/\/archive.org\/download\/audiosandrahoyos19f17022020\/AUDIO%20-%20SANDRA%20HOYOS%20-%2019F%2017%2002%202020.mp3?_=2\" \/><a href=\"https:\/\/archive.org\/download\/audiosandrahoyos19f17022020\/AUDIO%20-%20SANDRA%20HOYOS%20-%2019F%2017%2002%202020.mp3\">https:\/\/archive.org\/download\/audiosandrahoyos19f17022020\/AUDIO%20-%20SANDRA%20HOYOS%20-%2019F%2017%2002%202020.mp3<\/a><\/audio>\n<p>&nbsp;<\/p>\n<div class=\"powerpress_player\" id=\"powerpress_player_6348\"><audio class=\"wp-audio-shortcode\" id=\"audio-1678-1\" preload=\"none\" style=\"width: 100%;\" controls=\"controls\"><source type=\"audio\/mpeg\" src=\"https:\/\/archive.org\/download\/audiosandrahoyos19f17022020\/AUDIO%20-%20SANDRA%20HOYOS%20-%2019F%2017%2002%202020.mp3?_=1\" \/><a href=\"https:\/\/archive.org\/download\/audiosandrahoyos19f17022020\/AUDIO%20-%20SANDRA%20HOYOS%20-%2019F%2017%2002%202020.mp3\">https:\/\/archive.org\/download\/audiosandrahoyos19f17022020\/AUDIO%20-%20SANDRA%20HOYOS%20-%2019F%2017%2002%202020.mp3<\/a><\/audio><\/div><p class=\"powerpress_links powerpress_links_mp3\" style=\"margin-bottom: 1px !important;\">Podcast: <a href=\"https:\/\/archive.org\/download\/audiosandrahoyos19f17022020\/AUDIO%20-%20SANDRA%20HOYOS%20-%2019F%2017%2002%202020.mp3\" class=\"powerpress_link_pinw\" target=\"_blank\" title=\"Reproducir en una nueva ventana\" onclick=\"return powerpress_pinw('https:\/\/fmtinkunaco.ar\/?powerpress_pinw=1678-podcast');\" rel=\"nofollow\">Reproducir en una nueva ventana<\/a> | <a href=\"https:\/\/archive.org\/download\/audiosandrahoyos19f17022020\/AUDIO%20-%20SANDRA%20HOYOS%20-%2019F%2017%2002%202020.mp3\" class=\"powerpress_link_d\" title=\"Descargar\" rel=\"nofollow\" download=\"AUDIO%20-%20SANDRA%20HOYOS%20-%2019F%2017%2002%202020.mp3\">Descargar<\/a><\/p>","protected":false},"excerpt":{"rendered":"<p>Ma\u00f1ana, mi\u00e9rcoles 19 de febrero, se llevar\u00e1 adelante la acci\u00f3n federal por el D\u00eda de Acci\u00f3n Verde por el Aborto Legal en el municipio de Jos\u00e9. C. Paz, a partir de las 18hs. La actividad es organizada por la Campa\u00f1a Nacional por el Derecho al Aborto Legal, Seguro y Gratuito Noroeste- GBA y por la [&hellip;]<\/p>\n","protected":false},"author":1,"featured_media":1679,"comment_status":"open","ping_status":"open","sticky":false,"template":"","format":"standard","meta":{"footnotes":""},"categories":[6],"tags":[],"class_list":["post-1678","post","type-post","status-publish","format-standard","has-post-thumbnail","hentry","category-genero"],"_links":{"self":[{"href":"https:\/\/fmtinkunaco.ar\/index.php?rest_route=\/wp\/v2\/posts\/1678","targetHints":{"allow":["GET"]}}],"collection":[{"href":"https:\/\/fmtinkunaco.ar\/index.php?rest_route=\/wp\/v2\/posts"}],"about":[{"href":"https:\/\/fmtinkunaco.ar\/index.php?rest_route=\/wp\/v2\/types\/post"}],"author":[{"embeddable":true,"href":"https:\/\/fmtinkunaco.ar\/index.php?rest_route=\/wp\/v2\/users\/1"}],"replies":[{"embeddable":true,"href":"https:\/\/fmtinkunaco.ar\/index.php?rest_route=%2Fwp%2Fv2%2Fcomments&post=1678"}],"version-history":[{"count":0,"href":"https:\/\/fmtinkunaco.ar\/index.php?rest_route=\/wp\/v2\/posts\/1678\/revisions"}],"wp:featuredmedia":[{"embeddable":true,"href":"https:\/\/fmtinkunaco.ar\/index.php?rest_route=\/"}],"wp:attachment":[{"href":"https:\/\/fmtinkunaco.ar\/index.php?rest_route=%2Fwp%2Fv2%2Fmedia&parent=1678"}],"wp:term":[{"taxonomy":"category","embeddable":true,"href":"https:\/\/fmtinkunaco.ar\/index.php?rest_route=%2Fwp%2Fv2%2Fcategories&post=1678"},{"taxonomy":"post_tag","embeddable":true,"href":"https:\/\/fmtinkunaco.ar\/index.php?rest_route=%2Fwp%2Fv2%2Ftags&post=1678"}],"curies":[{"name":"wp","href":"https:\/\/api.w.org\/{rel}","templated":true}]}}