{"id":1681,"date":"2020-02-18T14:29:50","date_gmt":"2020-02-18T17:29:50","guid":{"rendered":"http:\/\/fmtinkunaco.com.ar\/?p=1681"},"modified":"2020-02-18T14:29:50","modified_gmt":"2020-02-18T17:29:50","slug":"pilar-ya-se-entregaron-3-mil-tarjetas-alimentar","status":"publish","type":"post","link":"https:\/\/fmtinkunaco.ar\/?p=1681","title":{"rendered":"Pilar: Ya se entregaron 3 mil Tarjetas AlimentAR"},"content":{"rendered":"<p>Ayer, lunes 17 de febrero, se realiz\u00f3 la primera jornada de entrega de la Tarjeta AlimentAR en el Partido de Pilar.<\/p>\n<p>La entrega de tarjetas se da en el marco del Programa Nacional Argentina Contra el Hambre y en la primera jornada se entregaron 3 mil tarjetas a vecinos y vecinas pilarenses.<\/p>\n<p>En di\u00e1logo con el programa radial \u201cEncuentro con las Noticias\u201d, Juan Pablo Rold\u00e1n, Concejal de Pilar, remarc\u00f3 la importancia de esta pol\u00edtica p\u00fablica, <em>\u201cLa verdad que estamos muy felices de poder volver a generar pol\u00edticas p\u00fablicas que beneficien a nuestros vecinos y nuestras vecinas, principalmente con algo tan problem\u00e1tico como es el tema de la alimentaci\u00f3n. Hemos tenido de 2015 a 2019 un incremento de la malnutrici\u00f3n en un 43% en el Distrito y este tipo de pol\u00edticas la verdad que son muy necesarias en estos momentos\u201d<\/em>.<\/p>\n<p>Adem\u00e1s, Rold\u00e1n, describi\u00f3 la felicidad de los vecinos y vecinas por la implementaci\u00f3n de este beneficio, <em>\u201cAyer pudimos realizar la primera entrega, fueron m\u00e1s de 3 mil tarjetas que se entregaron, por suerte todo muy fluido y los vecinos y las vecinas muy felices de poder recibir este beneficio\u201d<\/em>.<\/p>\n<p>Por \u00faltimo, Rold\u00e1n, se refiri\u00f3 a el trabajo en conjunto que se ha realizado para poder entregar las tarjetas, <em>\u201cEste fue un trabajo en conjunto entre el Municipio, Desarrollo Social de la Naci\u00f3n, Banco Provincia que es el ente que emite la tarjeta y presupuesto distintas dependencias que tambi\u00e9n \u00a0fueron participes del operativo. La modalidad que realizamos para que sea eficiente el servicio fue poner como fecha desde el lunes 17 al viernes 21 de febrero, a todos los vecinos que tienen el beneficio les est\u00e1 llegando un mensaje de texto a su celular, directamente se los convoca en distintas franjas horarias. A los que no les llego y tienen todas las designaciones para poder recibir el servicio tambi\u00e9n se pueden acercar directamente que \u00a0orientamos y vemos que ha sucedido que no pudieron ser contactados\u201d<\/em>.<\/p>\n<p>La fecha de entrega de tarjetas es del Lunes 17 al viernes 21 de febrero, hay que acercarse personalmente y con DNI en el Micro estadio Municipal Fitz Roy 1450, Pilar.<\/p>\n<p>Est\u00e1 destinada a madres o padres con hijos e hijas de hasta 6 a\u00f1os de edad que reciben la Asignaci\u00f3n Universal por Hijo (AUH).<\/p>\n<p>Tambi\u00e9n a embarazadas a partir de los 3 meses que cobran la Asignaci\u00f3n por Embarazo y personas con discapacidad que reciben la AUH.<\/p>\n<p>Escucha la entrevista completa<\/p>\n<p><a href=\"https:\/\/archive.org\/details\/audiojuanpabloroldantarjetaalimentar18022020\">Descargar<\/a><\/p>\n<audio class=\"wp-audio-shortcode\" id=\"audio-1681-2\" preload=\"none\" style=\"width: 100%;\" controls=\"controls\"><source type=\"audio\/mpeg\" src=\"https:\/\/archive.org\/download\/audiojuanpabloroldantarjetaalimentar18022020\/AUDIO%20-%20JUAN%20PABLO%20ROLDAN%20-%20TARJETA%20ALIMENTAR%2018%2002%202020.mp3?_=2\" \/><a href=\"https:\/\/archive.org\/download\/audiojuanpabloroldantarjetaalimentar18022020\/AUDIO%20-%20JUAN%20PABLO%20ROLDAN%20-%20TARJETA%20ALIMENTAR%2018%2002%202020.mp3\">https:\/\/archive.org\/download\/audiojuanpabloroldantarjetaalimentar18022020\/AUDIO%20-%20JUAN%20PABLO%20ROLDAN%20-%20TARJETA%20ALIMENTAR%2018%2002%202020.mp3<\/a><\/audio>\n<div class=\"powerpress_player\" id=\"powerpress_player_9151\"><audio class=\"wp-audio-shortcode\" id=\"audio-1681-1\" preload=\"none\" style=\"width: 100%;\" controls=\"controls\"><source type=\"audio\/mpeg\" src=\"https:\/\/archive.org\/download\/audiojuanpabloroldantarjetaalimentar18022020\/AUDIO%20-%20JUAN%20PABLO%20ROLDAN%20-%20TARJETA%20ALIMENTAR%2018%2002%202020.mp3?_=1\" \/><a href=\"https:\/\/archive.org\/download\/audiojuanpabloroldantarjetaalimentar18022020\/AUDIO%20-%20JUAN%20PABLO%20ROLDAN%20-%20TARJETA%20ALIMENTAR%2018%2002%202020.mp3\">https:\/\/archive.org\/download\/audiojuanpabloroldantarjetaalimentar18022020\/AUDIO%20-%20JUAN%20PABLO%20ROLDAN%20-%20TARJETA%20ALIMENTAR%2018%2002%202020.mp3<\/a><\/audio><\/div><p class=\"powerpress_links powerpress_links_mp3\" style=\"margin-bottom: 1px !important;\">Podcast: <a href=\"https:\/\/archive.org\/download\/audiojuanpabloroldantarjetaalimentar18022020\/AUDIO%20-%20JUAN%20PABLO%20ROLDAN%20-%20TARJETA%20ALIMENTAR%2018%2002%202020.mp3\" class=\"powerpress_link_pinw\" target=\"_blank\" title=\"Reproducir en una nueva ventana\" onclick=\"return powerpress_pinw('https:\/\/fmtinkunaco.ar\/?powerpress_pinw=1681-podcast');\" rel=\"nofollow\">Reproducir en una nueva ventana<\/a> | <a href=\"https:\/\/archive.org\/download\/audiojuanpabloroldantarjetaalimentar18022020\/AUDIO%20-%20JUAN%20PABLO%20ROLDAN%20-%20TARJETA%20ALIMENTAR%2018%2002%202020.mp3\" class=\"powerpress_link_d\" title=\"Descargar\" rel=\"nofollow\" download=\"AUDIO%20-%20JUAN%20PABLO%20ROLDAN%20-%20TARJETA%20ALIMENTAR%2018%2002%202020.mp3\">Descargar<\/a><\/p>","protected":false},"excerpt":{"rendered":"<p>Ayer, lunes 17 de febrero, se realiz\u00f3 la primera jornada de entrega de la Tarjeta AlimentAR en el Partido de Pilar. La entrega de tarjetas se da en el marco del Programa Nacional Argentina Contra el Hambre y en la primera jornada se entregaron 3 mil tarjetas a vecinos y vecinas pilarenses. En di\u00e1logo con [&hellip;]<\/p>\n","protected":false},"author":1,"featured_media":1682,"comment_status":"open","ping_status":"open","sticky":false,"template":"","format":"standard","meta":{"footnotes":""},"categories":[4],"tags":[],"class_list":["post-1681","post","type-post","status-publish","format-standard","has-post-thumbnail","hentry","category-derechos-humanos"],"_links":{"self":[{"href":"https:\/\/fmtinkunaco.ar\/index.php?rest_route=\/wp\/v2\/posts\/1681","targetHints":{"allow":["GET"]}}],"collection":[{"href":"https:\/\/fmtinkunaco.ar\/index.php?rest_route=\/wp\/v2\/posts"}],"about":[{"href":"https:\/\/fmtinkunaco.ar\/index.php?rest_route=\/wp\/v2\/types\/post"}],"author":[{"embeddable":true,"href":"https:\/\/fmtinkunaco.ar\/index.php?rest_route=\/wp\/v2\/users\/1"}],"replies":[{"embeddable":true,"href":"https:\/\/fmtinkunaco.ar\/index.php?rest_route=%2Fwp%2Fv2%2Fcomments&post=1681"}],"version-history":[{"count":0,"href":"https:\/\/fmtinkunaco.ar\/index.php?rest_route=\/wp\/v2\/posts\/1681\/revisions"}],"wp:featuredmedia":[{"embeddable":true,"href":"https:\/\/fmtinkunaco.ar\/index.php?rest_route=\/"}],"wp:attachment":[{"href":"https:\/\/fmtinkunaco.ar\/index.php?rest_route=%2Fwp%2Fv2%2Fmedia&parent=1681"}],"wp:term":[{"taxonomy":"category","embeddable":true,"href":"https:\/\/fmtinkunaco.ar\/index.php?rest_route=%2Fwp%2Fv2%2Fcategories&post=1681"},{"taxonomy":"post_tag","embeddable":true,"href":"https:\/\/fmtinkunaco.ar\/index.php?rest_route=%2Fwp%2Fv2%2Ftags&post=1681"}],"curies":[{"name":"wp","href":"https:\/\/api.w.org\/{rel}","templated":true}]}}