{"id":1685,"date":"2020-02-18T21:41:12","date_gmt":"2020-02-19T00:41:12","guid":{"rendered":"http:\/\/fmtinkunaco.com.ar\/?p=1685"},"modified":"2020-02-18T21:41:12","modified_gmt":"2020-02-19T00:41:12","slug":"justicia-para-gabriel-eiriz-comienza-manana-el-juicio-por-amenazas","status":"publish","type":"post","link":"https:\/\/fmtinkunaco.ar\/?p=1685","title":{"rendered":"Justicia para Gabriel Eiriz: Comienza ma\u00f1ana el juicio por amenazas"},"content":{"rendered":"<p style=\"text-align: justify\">Gabriel Eiriz, fue asesinado en el jard\u00edn de su casa de La Lonja, partido de Pilar, por denunciar fiestas clandestinas en octubre del a\u00f1o 2013. Ma\u00f1ana, mi\u00e9rcoles 19 de febrero, es el inicio del juicio por las amenazas previas que recibi\u00f3 Gabriel de parte de una oficial de la Polic\u00eda Federal. <em>\u201cLa causa por amenazas previas al homicidio en la que est\u00e1 imputada una oficial de la Polic\u00eda Federal corre peligro de prescribir. Si la impunidad se garantiza, la justicia y el estado son responsables.\u201d<\/em> Dice el inicio del comunicado elaborado por la familia que compartimos completa a continuaci\u00f3n:<\/p>\n<p style=\"text-align: justify\">El pasado martes 11 de febrero deb\u00eda comenzar el juicio por AMENAZAS CALIFICADAS en la que est\u00e1 imputada Mariela Fernanda P\u00e9rez Arg\u00fcello, oficial de la PFA. Las pruebas son contundentes y fueron ofrecidas por la propia v\u00edctima, Gabriel Eiriz, quien 20 d\u00edas despu\u00e9s de haber realizado la denuncia fuera asesinado en su propia casa. El juicio no comenz\u00f3 porque ni el defensor ni la imputada se presentaron. La nueva fecha ser\u00e1 ma\u00f1ana 19 de febrero.<br \/>\nGabriel Eiriz fue v\u00edctima de los negocios clandestinos de la Polic\u00eda, del Municipio de Pilar y de la justicia que lo sigue matando. La fiscal Cecilia Chaieb, a cargo de la investigaci\u00f3n, no se hizo presente aquella madrugada del 8 de octubre de 2013 cuando la polic\u00eda lleg\u00f3 al lugar de los hechos. El cuerpo fue levantado en pocos minutos, los objetos personales de la v\u00edctima: su tel\u00e9fono celular, su computadora, las pertenencias que ten\u00eda en su mochila, fueron secuestradas por la Polic\u00eda de La Lonja sin ning\u00fan tipo de supervisi\u00f3n de la justicia.<\/p>\n<p style=\"text-align: justify\">La complicidad de Chaieb con la polic\u00eda y el municipio es expl\u00edcita. En 7 a\u00f1os no investig\u00f3 y no elev\u00f3 la causa a juicio. El desdoblamiento de la causa en dos, una por homicidio y otra por amenazas, es una clara estrategia de distracci\u00f3n. Chaieb garantiza a la defensa de la imputada que corra el tiempo para que la causa prescriba. Los \u00faltimos dos a\u00f1os se perdieron por esperar pericias que ya constaban en el expediente del homicidio.<\/p>\n<p style=\"text-align: justify\">El 11\/2 no asistieron ni imputada ni defensor y el juicio no inici\u00f3. Las y los testigos y las personas que acompa\u00f1aban esperaron dos horas y media sin ning\u00fan tipo de informaci\u00f3n. Solo con la presi\u00f3n y el reclamo de la gente y, sobre todo, de la madre de Gabriel que estall\u00f3 en una crisis nerviosa poniendo en riesgo su salud, se logr\u00f3 una nueva fecha para que inicie el juicio.<\/p>\n<p style=\"text-align: justify\">Este mi\u00e9rcoles 19\/2 a las 9hs en el Juzgado Correccional N\u00ba 5 (Moreno 623, San Isidro) comienza el juicio a P\u00e9rez Arg\u00fcello. Sigue el riesgo de la prescripci\u00f3n de la causa por la impunidad que Chaieb garantiz\u00f3 no actuando a tiempo.<\/p>\n<p style=\"text-align: justify\">La familia convoca a concentrarse en la calle 3 de febrero y Av. Centenario a las 8:30hs. Pide apoyo y presencia as\u00ed como tambi\u00e9n cobertura a los medios. Basta de impunidad. Si la causa prescribe, la justicia y el estado son responsables.<\/p>\n<p style=\"text-align: justify\">Para m\u00e1s informaci\u00f3n sobre el caso:<br \/>\n\ud83d\udce3 visit\u00e1 nuestro blog: <a href=\"http:\/\/gabrieleirizsiguevivo.blogspot.com\/search\/label\/Relato\" target=\"_blank\" rel=\"noopener noreferrer\">http:\/\/gabrieleirizsiguevivo.blogspot.com\/search\/label\/Relato<\/a><\/p>\n<p style=\"text-align: justify\">\ud83d\udce3 Mir\u00e1 el video sobre el caso:<\/p>\n<p><iframe loading=\"lazy\" title=\"Gabriel Eiriz: un a\u00f1o sin justicia en Pilar\" width=\"640\" height=\"360\" src=\"https:\/\/www.youtube.com\/embed\/PFB978JJ6pk?feature=oembed\" frameborder=\"0\" allow=\"accelerometer; autoplay; clipboard-write; encrypted-media; gyroscope; picture-in-picture; web-share\" referrerpolicy=\"strict-origin-when-cross-origin\" allowfullscreen><\/iframe><\/p>\n<p style=\"text-align: justify\"><strong>Desgarradora carta abierta de la madre de Gabriel Eiriz, asesinado en 2013<\/strong><br \/>\n<em>A la justicia que la revictimiza<\/em><br \/>\n<em>Seis a\u00f1os y ocho meses atr\u00e1s, un 8 de octubre de 2013, al despertar en mi dormitorio, veo al abrir los ojos que estaba rodeada de mis tres hijos, Gustavo, Gisel y Geraldin\u2026llorando desconsoladamente, abraz\u00e1ndome y sin poder pronunciar palabras. Sorprendida y asustada pregunt\u00e9 \u201c\u00bfQu\u00e9 pasa? \u00a1Por favor d\u00edganme!\u201d Y estas\u2026 fueron las palabras m\u00e1s dolorosas, incre\u00edbles, angustiantes\u2026trist\u00edsimas que escuch\u00e9: \u201ces algo horrible, mam\u00e1, mataron a Gabriel.\u201d<\/em><\/p>\n<p style=\"text-align: justify\"><em>Es el d\u00eda de hoy, despu\u00e9s de todos estos a\u00f1os, que al despertar\u2026 a veces creo que todo fue una terrible pesadilla que no existi\u00f3, que no es verdad\u2026 Pero s\u00ed, es as\u00ed, as\u00ed de cruel e impensada es esta realidad que no se la deseo siquiera a un enemigo.<\/em><\/p>\n<p style=\"text-align: justify\"><em>Pero la pesadilla, la locura impensada, lo horrible y tr\u00e1gico no termina ah\u00ed, en saber que mataron a mi hijo\u2026 \u00a1no! Se va acrecentando a medida que transcurren los d\u00edas despu\u00e9s de ese 8 de octubre fat\u00eddico. Porque sumado al dolor \u201csin nombre\u201d que significa perder a un hijo\u2014y de la manera m\u00e1s salvaje y cobarde, con un tiro en la cabeza, en el parque de su casa\u2014me voy enterando\u2026de a poco\u2026en dosis peque\u00f1as\u2026porque quieren preservarme, porque quieren que no sufra, (sin darse cuenta mis amores\u2026que no puede haber un dolor m\u00e1s infinito y desgarrador que la muerte de un hijo), de c\u00f3mo y por qu\u00e9 hab\u00edan matado a mi hijo Gabriel.<\/em><\/p>\n<p style=\"text-align: justify\"><em>A partir de ah\u00ed, de su muerte, no solo el dolor de no tenerlo m\u00e1s, no escuchar su voz todos los d\u00edas llam\u00e1ndome por tel\u00e9fono para saber c\u00f3mo estaba, su presencia siempre que lo necesitaba\u2026yo o cualquiera de todos nosotros, en fin\u2026extra\u00f1\u00e1ndolo infinita y dolorosamente\u2026sino que tambi\u00e9n vivir el horror, el manoseo, la forma tan inoperante e incompetente de la intervenci\u00f3n de la \u201cjusticia\u201d\u2026manejada alevosamente por personas que tendr\u00edan que protegernos, defendernos, apoyarnos, contenernos\u2026\u00a1pero no! \u00a1No funciona as\u00ed!<\/em><\/p>\n<p style=\"text-align: justify\"><em>Hoy pensaba que justamente as\u00ed como funciona la justicia, a pesar de que por supuesto no era el perfil de Gabriel, al contrario, era un hombre de bien, un padre ejemplar y presente, un hijo maravilloso, un hermano protector, un amigo leal, un vecino siempre dispuesto a ayudar, a colaborar desinteresadamente, solidario, en fin, un hombre de bien\u2026digo, pensaba que hubiese sido mejor si Gabriel era el amenazador\u2026hasta deliro si hubiese \u00e9l asesinado a cualquiera de las tres personas que lo mataron y nos arruinaron para siempre la vida: Ezequiel Salsamendi, Amelie Alicia Storani Dom\u00ednguez y Mariela Fernanda P\u00e9rez Arg\u00fcello. \u00a1\u00c9l, mi hijo, estar\u00eda VIVO! Podr\u00eda ser visitado por m\u00ed, por sus hijos, sus hermanos, sus amigos. Tendr\u00eda un abogado, que usando artilugios permitidos, hasta podr\u00eda conseguirle prisi\u00f3n domiciliaria, excarcelaci\u00f3n por buena conducta, etc\u2026 \u00bfA caso no vemos esto todos los d\u00edas? Adem\u00e1s, con la esperanza certera de que, alg\u00fan d\u00eda, estar\u00eda libre y VIVO, porque as\u00ed funciona la justicia.<\/em><\/p>\n<p style=\"text-align: justify\"><em>Pero no, a \u00e9l lo amenazaron, lo asustaron, lo amedrentaron, lo preocuparon haci\u00e9ndole la vida imposible. Y no solo eso, sino que lo asesinaron. Y la \u00fanica luz de esperanza que ten\u00edamos para mitigar m\u00ednimamente tanto dolor, era que el 11 de febrero de 2020 en el Juzgado Correccional N\u00ba 5 de San Isidro, con la fiscal Carballido como acusadora y la Jueza Pagliani a cargo de la sentencia, iba a comparecer la polic\u00eda acusada de amenazas calificadas\u2014Mariela Fernanda P\u00e9rez Arg\u00fcello.<\/em><\/p>\n<p style=\"text-align: justify\"><em>Pero, alegremente, despu\u00e9s de esperar m\u00e1s de dos horas y media, estando todos los testigos por parte de la v\u00edctima acreditados\u2026 con la mayor desfachatez y as\u00ed, como si fuera un tr\u00e1mite m\u00e1s, como si el dolor, la angustia de todos los que ah\u00ed est\u00e1bamos para presenciar un juicio justo, claro, transparente, con todas las pruebas aportadas, comprobadas y aceptadas por la fiscal, nos dicen \u201cse suspende el juicio porque el abogado defensor de la acusada est\u00e1 \u2018enfermo\u2019\u201d.<\/em><\/p>\n<p style=\"text-align: justify\"><em>\u00bfC\u00f3mo puede reaccionar una madre atravesada por el dolor m\u00e1s inmenso, que es la muerte de un hijo a quien asesinaron alevosamente despu\u00e9s de las amenazas provenientes de la Polic\u00eda acusada de hacerlo? \u00bfNadie puede sospechar c\u00f3mo me siento? \u00bfC\u00f3mo se burlaron de m\u00ed en mi propia cara aduciendo semejante ridiculez? \u00bfC\u00f3mo no tenemos nosotros, la parte damnificada, un recurso legal para no permitir ese atropello?<\/em><\/p>\n<p style=\"text-align: justify\"><em>A sabiendas que ya desde el a\u00f1o 2016 la causa estaba lista para elevar a juicio, pero este defensor tan ladino y mafioso que se \u201cenferm\u00f3\u201d viene hace a\u00f1os dilatando con justamente artilugios \u201clegales\u201d y as\u00ed va estirando y estirando\u2026Por su lado, la fiscal Chaieb junto a \u201cnuestro\u201d abogado, Walter Brizzio, nunca hicieron NADA! Pero s\u00ed dejaron correr el tiempo aceptando que el abogado de la imputada usara lo que fuera necesario para dilatar la causa \u00a1que corre peligro de prescribir! As\u00ed funciona la justicia para nosotros, los que, como mi hijo, van por derecha a reclamar y denunciar pensando inocentemente que ese es el camino. <\/em><\/p>\n<p style=\"text-align: justify\"><em>\u00bfQu\u00e9 otro cap\u00edtulo infame entre toda esta mafia que rodea el expediente querr\u00e1n hacer? \u00bfTendr\u00e9 que vivir otra vez lo angustiante que fue saber que se burlan de mi dolor y el de todos los que amamos a Gabriel? La pr\u00f3xima fecha del juicio es el mi\u00e9rcoles 19 de febrero. \u00a1No solamente ruego, sino que exijo que el juicio se haga en tiempo y forma esta vez y que la sentencia sea con todo el peso que requieren esas amenazas seguidas de muerte! (Aunque la justicia desdoble las causas, est\u00e1 muy clara la relaci\u00f3n entre todos los hechos).<\/em><\/p>\n<p style=\"text-align: justify\"><em>Dra. Carballido, Dra Pagliani, no s\u00e9 si ustedes son madres, pero s\u00ed son mujeres. Mi pedido es que sean objetivas y puedan desde su inteligencia y experiencia impartir justicia. <\/em><\/p>\n<p style=\"text-align: justify\"><em>\u00a1JUSTICIA PARA MI HIJO GABRIEL EIRIZ!<\/em><\/p>\n<p style=\"text-align: justify\"><em>Carmen Amalia Guagliardi<\/em><\/p>\n","protected":false},"excerpt":{"rendered":"<p>Gabriel Eiriz, fue asesinado en el jard\u00edn de su casa de La Lonja, partido de Pilar, por denunciar fiestas clandestinas en octubre del a\u00f1o 2013. Ma\u00f1ana, mi\u00e9rcoles 19 de febrero, es el inicio del juicio por las amenazas previas que recibi\u00f3 Gabriel de parte de una oficial de la Polic\u00eda Federal. \u201cLa causa por amenazas [&hellip;]<\/p>\n","protected":false},"author":1,"featured_media":1688,"comment_status":"open","ping_status":"open","sticky":false,"template":"","format":"standard","meta":{"footnotes":""},"categories":[9],"tags":[231,268,396,402],"class_list":["post-1685","post","type-post","status-publish","format-standard","has-post-thumbnail","hentry","category-sociedad","tag-gabriel-eiriz","tag-justicia","tag-pilar","tag-policia-federal"],"_links":{"self":[{"href":"https:\/\/fmtinkunaco.ar\/index.php?rest_route=\/wp\/v2\/posts\/1685","targetHints":{"allow":["GET"]}}],"collection":[{"href":"https:\/\/fmtinkunaco.ar\/index.php?rest_route=\/wp\/v2\/posts"}],"about":[{"href":"https:\/\/fmtinkunaco.ar\/index.php?rest_route=\/wp\/v2\/types\/post"}],"author":[{"embeddable":true,"href":"https:\/\/fmtinkunaco.ar\/index.php?rest_route=\/wp\/v2\/users\/1"}],"replies":[{"embeddable":true,"href":"https:\/\/fmtinkunaco.ar\/index.php?rest_route=%2Fwp%2Fv2%2Fcomments&post=1685"}],"version-history":[{"count":0,"href":"https:\/\/fmtinkunaco.ar\/index.php?rest_route=\/wp\/v2\/posts\/1685\/revisions"}],"wp:featuredmedia":[{"embeddable":true,"href":"https:\/\/fmtinkunaco.ar\/index.php?rest_route=\/"}],"wp:attachment":[{"href":"https:\/\/fmtinkunaco.ar\/index.php?rest_route=%2Fwp%2Fv2%2Fmedia&parent=1685"}],"wp:term":[{"taxonomy":"category","embeddable":true,"href":"https:\/\/fmtinkunaco.ar\/index.php?rest_route=%2Fwp%2Fv2%2Fcategories&post=1685"},{"taxonomy":"post_tag","embeddable":true,"href":"https:\/\/fmtinkunaco.ar\/index.php?rest_route=%2Fwp%2Fv2%2Ftags&post=1685"}],"curies":[{"name":"wp","href":"https:\/\/api.w.org\/{rel}","templated":true}]}}