{"id":1690,"date":"2020-02-19T14:01:54","date_gmt":"2020-02-19T17:01:54","guid":{"rendered":"http:\/\/fmtinkunaco.com.ar\/?p=1690"},"modified":"2020-02-19T14:01:54","modified_gmt":"2020-02-19T17:01:54","slug":"empezo-el-juicio-por-el-caso-de-gabriel-eiriz","status":"publish","type":"post","link":"https:\/\/fmtinkunaco.ar\/?p=1690","title":{"rendered":"Empez\u00f3 el juicio por el caso de Gabriel Eiriz"},"content":{"rendered":"<p>Despu\u00e9s de que la Jueza Pagliani, proh\u00edba que familiares y amigos de Gabriel Eiriz presenciara el juicio oral; arranc\u00f3 el juicio con \u00fanicamente la presencia de su cu\u00f1ada, ya que el resto de la familia est\u00e1 en condici\u00f3n de testigos.<\/p>\n<p>Gabriel Eiriz, fue asesinado en el jard\u00edn de su casa de La Lonja, partido de Pilar, por denunciar fiestas clandestinas en octubre del a\u00f1o 2013. Hoy fue el inicio del juicio por las amenazas previas que recibi\u00f3 Gabriel de parte de una oficial de la Polic\u00eda Federal.<\/p>\n<p>El pasado martes 11 de febrero deb\u00eda comenzar el juicio por AMENAZAS CALIFICADAS en la que est\u00e1 imputada Mariela Fernanda P\u00e9rez Arg\u00fcello, oficial de la PFA. Las pruebas son contundentes y fueron ofrecidas por la propia v\u00edctima, Gabriel Eiriz, quien 20 d\u00edas despu\u00e9s de haber realizado la denuncia fuera asesinado en su propia casa. El juicio no comenz\u00f3 porque ni el defensor ni la imputada se presentaron.<\/p>\n<p>Gabriel Eiriz fue v\u00edctima de los negocios clandestinos de la Polic\u00eda, del Municipio de Pilar y de la justicia que lo sigue matando. La fiscal Cecilia Chaieb, a cargo de la investigaci\u00f3n, no se hizo presente aquella madrugada del 8 de octubre de 2013 cuando la polic\u00eda lleg\u00f3 al lugar de los hechos. El cuerpo fue levantado en pocos minutos, los objetos personales de la v\u00edctima: su tel\u00e9fono celular, su computadora, las pertenencias que ten\u00eda en su mochila, fueron secuestradas por la Polic\u00eda de La Lonja sin ning\u00fan tipo de supervisi\u00f3n de la justicia.<\/p>\n<p>La complicidad de Chaieb con la polic\u00eda y el municipio es expl\u00edcita. En 7 a\u00f1os no investig\u00f3 y no elev\u00f3 la causa a juicio. El desdoblamiento de la causa en dos, una por homicidio y otra por amenazas, es una clara estrategia de distracci\u00f3n. Chaieb garantiza a la defensa de la imputada que corra el tiempo para que la causa prescriba. Los \u00faltimos dos a\u00f1os se perdieron por esperar pericias que ya constaban en el expediente del homicidio.<\/p>\n<p>En di\u00e1logo con el programa radial \u201cEncuentro con las Noticias\u201d, Gisel Eiriz, hermana de Gabriel, se refiri\u00f3 a las trabajas que puso la Jueza, \u201cLa Jueza Pagliani se est\u00e1 ocupando m\u00e1s de desalojar a la gente que vino a acompa\u00f1ar a la familia y a los amigos que vienen a acompa\u00f1ar a la familia, de desalojar la calle y a no dejarnos a nosotros presenciar el Juicio Oral y P\u00fablico; nos est\u00e1 poniendo cierta cantidad de lugares y esta dici\u00e9ndole a la polic\u00eda que no hizo el operativo que ella pidi\u00f3; el operativo era que la calle no est\u00e9 tomada por la gente y la gente esta pac\u00edficamente pidiendo justicia por mi hermano\u201d.<\/p>\n<p>Gisel, adem\u00e1s, remarc\u00f3 \u201cLa causa esta a riesgo de prescribir, estamos a diez d\u00edas de que prescriba la causa y eso lo sabe todo el mundo ya. Entonces la justicia tiene que actuar ya, si no va a ser responsable de otorgarle la impunidad a la imputada\u201d.<\/p>\n<p>Escucha la entrevista completa<\/p>\n<audio class=\"wp-audio-shortcode\" id=\"audio-1690-2\" preload=\"none\" style=\"width: 100%;\" controls=\"controls\"><source type=\"audio\/mpeg\" src=\"https:\/\/archive.org\/download\/audiogiseleiriz19022020\/AUDIO%20-%20GISEL%20EIRIZ%20-%2019%2002%202020.mp3?_=2\" \/><a href=\"https:\/\/archive.org\/download\/audiogiseleiriz19022020\/AUDIO%20-%20GISEL%20EIRIZ%20-%2019%2002%202020.mp3\">https:\/\/archive.org\/download\/audiogiseleiriz19022020\/AUDIO%20-%20GISEL%20EIRIZ%20-%2019%2002%202020.mp3<\/a><\/audio>\n<div class=\"powerpress_player\" id=\"powerpress_player_6821\"><audio class=\"wp-audio-shortcode\" id=\"audio-1690-1\" preload=\"none\" style=\"width: 100%;\" controls=\"controls\"><source type=\"audio\/mpeg\" src=\"https:\/\/archive.org\/download\/audiogiseleiriz19022020\/AUDIO%20-%20GISEL%20EIRIZ%20-%2019%2002%202020.mp3?_=1\" \/><a href=\"https:\/\/archive.org\/download\/audiogiseleiriz19022020\/AUDIO%20-%20GISEL%20EIRIZ%20-%2019%2002%202020.mp3\">https:\/\/archive.org\/download\/audiogiseleiriz19022020\/AUDIO%20-%20GISEL%20EIRIZ%20-%2019%2002%202020.mp3<\/a><\/audio><\/div><p class=\"powerpress_links powerpress_links_mp3\" style=\"margin-bottom: 1px !important;\">Podcast: <a href=\"https:\/\/archive.org\/download\/audiogiseleiriz19022020\/AUDIO%20-%20GISEL%20EIRIZ%20-%2019%2002%202020.mp3\" class=\"powerpress_link_pinw\" target=\"_blank\" title=\"Reproducir en una nueva ventana\" onclick=\"return powerpress_pinw('https:\/\/fmtinkunaco.ar\/?powerpress_pinw=1690-podcast');\" rel=\"nofollow\">Reproducir en una nueva ventana<\/a> | <a href=\"https:\/\/archive.org\/download\/audiogiseleiriz19022020\/AUDIO%20-%20GISEL%20EIRIZ%20-%2019%2002%202020.mp3\" class=\"powerpress_link_d\" title=\"Descargar\" rel=\"nofollow\" download=\"AUDIO%20-%20GISEL%20EIRIZ%20-%2019%2002%202020.mp3\">Descargar<\/a><\/p>","protected":false},"excerpt":{"rendered":"<p>Despu\u00e9s de que la Jueza Pagliani, proh\u00edba que familiares y amigos de Gabriel Eiriz presenciara el juicio oral; arranc\u00f3 el juicio con \u00fanicamente la presencia de su cu\u00f1ada, ya que el resto de la familia est\u00e1 en condici\u00f3n de testigos. Gabriel Eiriz, fue asesinado en el jard\u00edn de su casa de La Lonja, partido de [&hellip;]<\/p>\n","protected":false},"author":1,"featured_media":1691,"comment_status":"open","ping_status":"open","sticky":false,"template":"","format":"standard","meta":{"footnotes":""},"categories":[4,9],"tags":[],"class_list":["post-1690","post","type-post","status-publish","format-standard","has-post-thumbnail","hentry","category-derechos-humanos","category-sociedad"],"_links":{"self":[{"href":"https:\/\/fmtinkunaco.ar\/index.php?rest_route=\/wp\/v2\/posts\/1690","targetHints":{"allow":["GET"]}}],"collection":[{"href":"https:\/\/fmtinkunaco.ar\/index.php?rest_route=\/wp\/v2\/posts"}],"about":[{"href":"https:\/\/fmtinkunaco.ar\/index.php?rest_route=\/wp\/v2\/types\/post"}],"author":[{"embeddable":true,"href":"https:\/\/fmtinkunaco.ar\/index.php?rest_route=\/wp\/v2\/users\/1"}],"replies":[{"embeddable":true,"href":"https:\/\/fmtinkunaco.ar\/index.php?rest_route=%2Fwp%2Fv2%2Fcomments&post=1690"}],"version-history":[{"count":0,"href":"https:\/\/fmtinkunaco.ar\/index.php?rest_route=\/wp\/v2\/posts\/1690\/revisions"}],"wp:featuredmedia":[{"embeddable":true,"href":"https:\/\/fmtinkunaco.ar\/index.php?rest_route=\/"}],"wp:attachment":[{"href":"https:\/\/fmtinkunaco.ar\/index.php?rest_route=%2Fwp%2Fv2%2Fmedia&parent=1690"}],"wp:term":[{"taxonomy":"category","embeddable":true,"href":"https:\/\/fmtinkunaco.ar\/index.php?rest_route=%2Fwp%2Fv2%2Fcategories&post=1690"},{"taxonomy":"post_tag","embeddable":true,"href":"https:\/\/fmtinkunaco.ar\/index.php?rest_route=%2Fwp%2Fv2%2Ftags&post=1690"}],"curies":[{"name":"wp","href":"https:\/\/api.w.org\/{rel}","templated":true}]}}