{"id":1693,"date":"2020-02-20T14:47:09","date_gmt":"2020-02-20T17:47:09","guid":{"rendered":"http:\/\/fmtinkunaco.com.ar\/?p=1693"},"modified":"2020-02-20T14:47:09","modified_gmt":"2020-02-20T17:47:09","slug":"segunda-jornada-de-elecciones-en-el-hospital-mercante","status":"publish","type":"post","link":"https:\/\/fmtinkunaco.ar\/?p=1693","title":{"rendered":"Segunda Jornada de elecciones en el Hospital Mercante"},"content":{"rendered":"<p>Se desarrolla, hoy, la segunda jornada de elecciones en el Hospital Mercante de Jos\u00e9. C. Paz; los 850 trabajadores y trabajadoras eligen al Director Ejecutivo.<\/p>\n<p>Las elecciones son una respuesta de los trabajadores y trabajadoras de la instituci\u00f3n al intento de imposici\u00f3n de un Equipo Directivo ajeno al Hospital.<\/p>\n<p>En di\u00e1logo con el programa radial \u201cEncuentro con las Noticias\u201d, Paola Trejo, Enfermera y Delegada de ATE, explic\u00f3 la situaci\u00f3n,<em> \u201cNosotros tenemos como derecho adquirido la elecci\u00f3n de los directores a trav\u00e9s del consenso, se presentan todos lo que quieren llegar a ser Directores Ejecutivos y los trabajadores votan, eso ya lo hab\u00edamos hecho en la gesti\u00f3n anterior y ahora lo volvemos a hacer, con la diferencia de que ahora nos quieren imponer unos directores que vienen de todo lo que es Escobar. Entonces estamos viendo que en distintos lugares ya han querido hacer una pseudo privatizaci\u00f3n de la salud\u201d.<\/em><\/p>\n<p>Trejo, se refiri\u00f3 a la presentaci\u00f3n que se har\u00e1 a las autoridades provinciales para que el resultado de la elecci\u00f3n sea reconocido, <em>\u201cNosotros ayer y hoy estamos haciendo, desde las 7 de la ma\u00f1ana hasta las 5 de la tarde, la votaci\u00f3n de los trabajadores, de los 850 trabajadores ya han venido a votar alrededor de 500. (\u2026) la intenci\u00f3n es presentar esta votaci\u00f3n a las autoridades provinciales y hacerla valer, adem\u00e1s que el mismo Director elija a su equipo\u201d<\/em>.<\/p>\n<p>Finalmente, Paola Trejo, remarc\u00f3<em> \u201cNosotros no apoyamos a ning\u00fan candidato, como siempre lo hemos hecho, lo que s\u00ed apoyamos es est\u00e1 libre elecci\u00f3n del consenso que los trabajadores tengan la libertad de poder elegir a su directorio\u201d<\/em>.<\/p>\n<p>Hoy a las 17hs se realizar\u00e1 el cierre de comicio.<\/p>\n<p>Compartimos la entrevista completa<\/p>\n<p><a href=\"https:\/\/archive.org\/details\/audiopaolatrejomercante20022020\">Descargar<\/a><\/p>\n<audio class=\"wp-audio-shortcode\" id=\"audio-1693-2\" preload=\"none\" style=\"width: 100%;\" controls=\"controls\"><source type=\"audio\/mpeg\" src=\"https:\/\/archive.org\/download\/audiopaolatrejomercante20022020\/AUDIO%20-%20PAOLA%20TREJO%20-%20MERCANTE%2020%2002%202020.mp3?_=2\" \/><a href=\"https:\/\/archive.org\/download\/audiopaolatrejomercante20022020\/AUDIO%20-%20PAOLA%20TREJO%20-%20MERCANTE%2020%2002%202020.mp3\">https:\/\/archive.org\/download\/audiopaolatrejomercante20022020\/AUDIO%20-%20PAOLA%20TREJO%20-%20MERCANTE%2020%2002%202020.mp3<\/a><\/audio>\n<div class=\"powerpress_player\" id=\"powerpress_player_150\"><audio class=\"wp-audio-shortcode\" id=\"audio-1693-1\" preload=\"none\" style=\"width: 100%;\" controls=\"controls\"><source type=\"audio\/mpeg\" src=\"https:\/\/archive.org\/download\/audiopaolatrejomercante20022020\/AUDIO%20-%20PAOLA%20TREJO%20-%20MERCANTE%2020%2002%202020.mp3?_=1\" \/><a href=\"https:\/\/archive.org\/download\/audiopaolatrejomercante20022020\/AUDIO%20-%20PAOLA%20TREJO%20-%20MERCANTE%2020%2002%202020.mp3\">https:\/\/archive.org\/download\/audiopaolatrejomercante20022020\/AUDIO%20-%20PAOLA%20TREJO%20-%20MERCANTE%2020%2002%202020.mp3<\/a><\/audio><\/div><p class=\"powerpress_links powerpress_links_mp3\" style=\"margin-bottom: 1px !important;\">Podcast: <a href=\"https:\/\/archive.org\/download\/audiopaolatrejomercante20022020\/AUDIO%20-%20PAOLA%20TREJO%20-%20MERCANTE%2020%2002%202020.mp3\" class=\"powerpress_link_pinw\" target=\"_blank\" title=\"Reproducir en una nueva ventana\" onclick=\"return powerpress_pinw('https:\/\/fmtinkunaco.ar\/?powerpress_pinw=1693-podcast');\" rel=\"nofollow\">Reproducir en una nueva ventana<\/a> | <a href=\"https:\/\/archive.org\/download\/audiopaolatrejomercante20022020\/AUDIO%20-%20PAOLA%20TREJO%20-%20MERCANTE%2020%2002%202020.mp3\" class=\"powerpress_link_d\" title=\"Descargar\" rel=\"nofollow\" download=\"AUDIO%20-%20PAOLA%20TREJO%20-%20MERCANTE%2020%2002%202020.mp3\">Descargar<\/a><\/p>","protected":false},"excerpt":{"rendered":"<p>Se desarrolla, hoy, la segunda jornada de elecciones en el Hospital Mercante de Jos\u00e9. C. Paz; los 850 trabajadores y trabajadoras eligen al Director Ejecutivo. Las elecciones son una respuesta de los trabajadores y trabajadoras de la instituci\u00f3n al intento de imposici\u00f3n de un Equipo Directivo ajeno al Hospital. En di\u00e1logo con el programa radial [&hellip;]<\/p>\n","protected":false},"author":1,"featured_media":1694,"comment_status":"open","ping_status":"open","sticky":false,"template":"","format":"standard","meta":{"footnotes":""},"categories":[7],"tags":[],"class_list":["post-1693","post","type-post","status-publish","format-standard","has-post-thumbnail","hentry","category-salud"],"_links":{"self":[{"href":"https:\/\/fmtinkunaco.ar\/index.php?rest_route=\/wp\/v2\/posts\/1693","targetHints":{"allow":["GET"]}}],"collection":[{"href":"https:\/\/fmtinkunaco.ar\/index.php?rest_route=\/wp\/v2\/posts"}],"about":[{"href":"https:\/\/fmtinkunaco.ar\/index.php?rest_route=\/wp\/v2\/types\/post"}],"author":[{"embeddable":true,"href":"https:\/\/fmtinkunaco.ar\/index.php?rest_route=\/wp\/v2\/users\/1"}],"replies":[{"embeddable":true,"href":"https:\/\/fmtinkunaco.ar\/index.php?rest_route=%2Fwp%2Fv2%2Fcomments&post=1693"}],"version-history":[{"count":0,"href":"https:\/\/fmtinkunaco.ar\/index.php?rest_route=\/wp\/v2\/posts\/1693\/revisions"}],"wp:featuredmedia":[{"embeddable":true,"href":"https:\/\/fmtinkunaco.ar\/index.php?rest_route=\/"}],"wp:attachment":[{"href":"https:\/\/fmtinkunaco.ar\/index.php?rest_route=%2Fwp%2Fv2%2Fmedia&parent=1693"}],"wp:term":[{"taxonomy":"category","embeddable":true,"href":"https:\/\/fmtinkunaco.ar\/index.php?rest_route=%2Fwp%2Fv2%2Fcategories&post=1693"},{"taxonomy":"post_tag","embeddable":true,"href":"https:\/\/fmtinkunaco.ar\/index.php?rest_route=%2Fwp%2Fv2%2Ftags&post=1693"}],"curies":[{"name":"wp","href":"https:\/\/api.w.org\/{rel}","templated":true}]}}