{"id":1697,"date":"2020-02-26T15:17:38","date_gmt":"2020-02-26T18:17:38","guid":{"rendered":"http:\/\/fmtinkunaco.com.ar\/?p=1697"},"modified":"2020-02-26T15:17:38","modified_gmt":"2020-02-26T18:17:38","slug":"la-asamblea-no-al-cierre-de-las-salitas-se-volvio-a-reunir-con-el-serpaj","status":"publish","type":"post","link":"https:\/\/fmtinkunaco.ar\/?p=1697","title":{"rendered":"La Asamblea No al cierre de las salitas se volvi\u00f3 a reunir con el SERPAJ"},"content":{"rendered":"<p>La Asamblea No al Cierre de las salitas se reuni\u00f3, nuevamente el pasado s\u00e1bado 22 de febrero, con El Servicio Paz y Justicia \u2013 SERPAJ \u2013 con el objetivo de pensar acciones en conjunto en defensa de la salud p\u00fablica en Jos\u00e9. C. Paz.<\/p>\n<p>En di\u00e1logo con el programa radial \u201cEncuentro con las Noticias\u201d, Mat\u00edas Santill\u00e1n, integrante de la asamblea, se refiri\u00f3 a esta nueva reuni\u00f3n <em>\u201cSe denomin\u00f3 a este nucleamiento del SERPAJ como Mesa por el derecho de la salud de Jos\u00e9. C. Paz, as\u00ed que bueno se constituy\u00f3 esta mesa y como primera instancia vamos a empezar a difundir un volente dando a conocer esta lucha lucha\u201d<\/em>.<\/p>\n<p>Particularmente, los Centros de Atenci\u00f3n Primaria de la Salud de Mirador de Altube y de barrio Primavera son los m\u00e1s afectados por el desmantelamiento. As\u00ed lo explic\u00f3 Santill\u00e1n, <em>\u201cEn estos dos casos, puntualmente, los servicios son nulos, ya no hay nada. Pr\u00e1cticamente podr\u00eda decirse que es cuesti\u00f3n de tiempo para que se realice el cierre porque los servicios se fueron reduciendo a tal punto que no qued\u00f3 ninguno\u201d<\/em>.<\/p>\n<p>Finalmente, Mat\u00edas Santill\u00e1n explic\u00f3 que desde el SERPAJ piensan que es necesario retomar los canales que ya han transitado desde la asamblea, y profundizar si es necesario a provincia y naci\u00f3n, <em>\u201cEllos planteaban las instancias que hay que agotar, nosotros les dijimos que en su momento tambi\u00e9n agotamos las instancias posibles pero ellos dicen que ahora hay que retomar con el SERPAJ de por medio, ir nuevamente al municipio, luego ir a provincia y si es necesario ir a naci\u00f3n; agotar todas las instancias que sean necesarias para tratar de revertir esto que est\u00e1 pasando con la salud sobretodo en los centros barriales de Jos\u00e9. C. Paz\u201d<\/em>.<\/p>\n<p>Compartimos la entrevista completa<\/p>\n<p><a href=\"https:\/\/archive.org\/details\/audiomatiassantillan26022020\">Descargar<\/a><\/p>\n<audio class=\"wp-audio-shortcode\" id=\"audio-1697-2\" preload=\"none\" style=\"width: 100%;\" controls=\"controls\"><source type=\"audio\/mpeg\" src=\"https:\/\/archive.org\/download\/audiomatiassantillan26022020\/AUDIO%20-%20MATIAS%20SANTILLAN%2026%2002%202020.mp3?_=2\" \/><a href=\"https:\/\/archive.org\/download\/audiomatiassantillan26022020\/AUDIO%20-%20MATIAS%20SANTILLAN%2026%2002%202020.mp3\">https:\/\/archive.org\/download\/audiomatiassantillan26022020\/AUDIO%20-%20MATIAS%20SANTILLAN%2026%2002%202020.mp3<\/a><\/audio>\n<div class=\"powerpress_player\" id=\"powerpress_player_2764\"><audio class=\"wp-audio-shortcode\" id=\"audio-1697-1\" preload=\"none\" style=\"width: 100%;\" controls=\"controls\"><source type=\"audio\/mpeg\" src=\"https:\/\/archive.org\/download\/audiomatiassantillan26022020\/AUDIO%20-%20MATIAS%20SANTILLAN%2026%2002%202020.mp3?_=1\" \/><a href=\"https:\/\/archive.org\/download\/audiomatiassantillan26022020\/AUDIO%20-%20MATIAS%20SANTILLAN%2026%2002%202020.mp3\">https:\/\/archive.org\/download\/audiomatiassantillan26022020\/AUDIO%20-%20MATIAS%20SANTILLAN%2026%2002%202020.mp3<\/a><\/audio><\/div><p class=\"powerpress_links powerpress_links_mp3\" style=\"margin-bottom: 1px !important;\">Podcast: <a href=\"https:\/\/archive.org\/download\/audiomatiassantillan26022020\/AUDIO%20-%20MATIAS%20SANTILLAN%2026%2002%202020.mp3\" class=\"powerpress_link_pinw\" target=\"_blank\" title=\"Reproducir en una nueva ventana\" onclick=\"return powerpress_pinw('https:\/\/fmtinkunaco.ar\/?powerpress_pinw=1697-podcast');\" rel=\"nofollow\">Reproducir en una nueva ventana<\/a> | <a href=\"https:\/\/archive.org\/download\/audiomatiassantillan26022020\/AUDIO%20-%20MATIAS%20SANTILLAN%2026%2002%202020.mp3\" class=\"powerpress_link_d\" title=\"Descargar\" rel=\"nofollow\" download=\"AUDIO%20-%20MATIAS%20SANTILLAN%2026%2002%202020.mp3\">Descargar<\/a><\/p>","protected":false},"excerpt":{"rendered":"<p>La Asamblea No al Cierre de las salitas se reuni\u00f3, nuevamente el pasado s\u00e1bado 22 de febrero, con El Servicio Paz y Justicia \u2013 SERPAJ \u2013 con el objetivo de pensar acciones en conjunto en defensa de la salud p\u00fablica en Jos\u00e9. C. Paz. En di\u00e1logo con el programa radial \u201cEncuentro con las Noticias\u201d, Mat\u00edas [&hellip;]<\/p>\n","protected":false},"author":1,"featured_media":1698,"comment_status":"open","ping_status":"open","sticky":false,"template":"","format":"standard","meta":{"footnotes":""},"categories":[7],"tags":[],"class_list":["post-1697","post","type-post","status-publish","format-standard","has-post-thumbnail","hentry","category-salud"],"_links":{"self":[{"href":"https:\/\/fmtinkunaco.ar\/index.php?rest_route=\/wp\/v2\/posts\/1697","targetHints":{"allow":["GET"]}}],"collection":[{"href":"https:\/\/fmtinkunaco.ar\/index.php?rest_route=\/wp\/v2\/posts"}],"about":[{"href":"https:\/\/fmtinkunaco.ar\/index.php?rest_route=\/wp\/v2\/types\/post"}],"author":[{"embeddable":true,"href":"https:\/\/fmtinkunaco.ar\/index.php?rest_route=\/wp\/v2\/users\/1"}],"replies":[{"embeddable":true,"href":"https:\/\/fmtinkunaco.ar\/index.php?rest_route=%2Fwp%2Fv2%2Fcomments&post=1697"}],"version-history":[{"count":0,"href":"https:\/\/fmtinkunaco.ar\/index.php?rest_route=\/wp\/v2\/posts\/1697\/revisions"}],"wp:featuredmedia":[{"embeddable":true,"href":"https:\/\/fmtinkunaco.ar\/index.php?rest_route=\/"}],"wp:attachment":[{"href":"https:\/\/fmtinkunaco.ar\/index.php?rest_route=%2Fwp%2Fv2%2Fmedia&parent=1697"}],"wp:term":[{"taxonomy":"category","embeddable":true,"href":"https:\/\/fmtinkunaco.ar\/index.php?rest_route=%2Fwp%2Fv2%2Fcategories&post=1697"},{"taxonomy":"post_tag","embeddable":true,"href":"https:\/\/fmtinkunaco.ar\/index.php?rest_route=%2Fwp%2Fv2%2Ftags&post=1697"}],"curies":[{"name":"wp","href":"https:\/\/api.w.org\/{rel}","templated":true}]}}