{"id":1700,"date":"2020-02-27T14:30:26","date_gmt":"2020-02-27T17:30:26","guid":{"rendered":"http:\/\/fmtinkunaco.com.ar\/?p=1700"},"modified":"2020-02-27T14:30:26","modified_gmt":"2020-02-27T17:30:26","slug":"continua-en-negociacion-la-paritaria-provincial","status":"publish","type":"post","link":"https:\/\/fmtinkunaco.ar\/?p=1700","title":{"rendered":"Contin\u00faa en negociaci\u00f3n la paritaria provincial"},"content":{"rendered":"<p>Ayer, por la tarde, se cerr\u00f3 la paritaria nacional con un aumento del 13,5% y m\u00e1s tarde, se sentaron en negociaci\u00f3n los gremios docentes provinciales con las autoridades de gobierno pero no se lleg\u00f3 a un acuerdo.<\/p>\n<p>En di\u00e1logo con el programa radial \u201cEncuentro con las Noticias\u201d, Daniel Mart\u00ednez, de SUTEBA Jos\u00e9. C. Paz \u2013 seccional General Sarmiento, se refiri\u00f3 al piso salarial nacional y al no acuerdo a nivel provincial <em>\u201cPor fin despu\u00e9s de 4 a\u00f1os, sentados en una paritaria, paritaria nacional que nos permiti\u00f3 fijar un piso para todo el pa\u00eds. (\u2026) Hab\u00eda salarios de entre $19 mil pesos de inicial $33 mil pesos que es el salario m\u00e1s alto de Santa Fe, entonces busc\u00e1bamos un inicial que supere esto. El inicial estaba marcado en paritaria como $20 mil y pas\u00f3 a ser $23 mil pesos, m\u00e1s lo que ser\u00eda una suma fija de casi $5 mil pesos que se va a pagar en cuatro cuotas de marzo a junio, y esto es lo que cerr\u00f3 en la paritaria nacional.<\/em><br \/>\n<em> (\u2026) Nosotros paralelamente nos sentamos en la provincia pero la propuesta que nos hacen resulto insuficiente, estuvimos hasta muy tarde y sin ponernos de acuerdo se pas\u00f3 a un cuarto intermedio y esta ma\u00f1ana nos estamos por volver a sentar. La propuesta fue rechazada por insuficiente\u201d<\/em>.<\/p>\n<p>Adem\u00e1s, Mart\u00ednez, se remarc\u00f3 la deuda que tiene la provincia pero la intenci\u00f3n de seguir exigiendo una paritaria real, <em>\u201cLa gobernadora Vidal dej\u00f3 una deuda con los proveedores del Estado, del $80 mil millones de pesos, con lo cual todo se hace cuesta arriba y dificultoso. Esto lo entendemos los trabajadores y lo ponemos tambi\u00e9n en debate pero como rechazamos una propuesta ayer porque nos resulto insuficiente, vamos a seguir reclamando nuestros derechos y los derechos de los chicos en relaci\u00f3n al derecho universal de la educaci\u00f3n\u201d<\/em>.<\/p>\n<p>Finalmente, Daniel Mart\u00ednez, se refiri\u00f3 a la situaci\u00f3n del partido de Jos\u00e9. C. Paz, <em>\u201cEl distrito en el que vivimos nosotros, es un distrito muy castigado en el tema de infraestructura y tenemos edificios que no van a poder iniciar las clases, el caso de la Escuela 20 y el caso de la Escuela 5, porque las obras no llegaron a terminarse. (\u2026) Todav\u00eda no tenemos jefe distrital que convoque al \u00e1mbito en el que nos sentamos a discutir con el Consejo Escolar con toda la estructura de la Direcci\u00f3n General de Escuelas, Inspectores y dem\u00e1s, que es un \u00e1mbito local al cual el anterior jefe distrital que es Hern\u00e1n Colucigno convoc\u00f3 2 veces en 30 a\u00f1os. Y necesitamos sentarnos en ese \u00e1mbito a ver qu\u00e9 soluci\u00f3n le podemos encontrar\u201d<\/em>.<\/p>\n<p>Compartimos la entrevista completa<\/p>\n<p><a href=\"https:\/\/archive.org\/details\/audiodanielmartinezsutebajcp27022020\">Descargar<\/a><\/p>\n<audio class=\"wp-audio-shortcode\" id=\"audio-1700-2\" preload=\"none\" style=\"width: 100%;\" controls=\"controls\"><source type=\"audio\/mpeg\" src=\"https:\/\/archive.org\/download\/audiodanielmartinezsutebajcp27022020\/AUDIO%20-%20DANIEL%20MARTINEZ%20-%20SUTEBA%20JCP%2027%2002%202020%20.mp3?_=2\" \/><a href=\"https:\/\/archive.org\/download\/audiodanielmartinezsutebajcp27022020\/AUDIO%20-%20DANIEL%20MARTINEZ%20-%20SUTEBA%20JCP%2027%2002%202020%20.mp3\">https:\/\/archive.org\/download\/audiodanielmartinezsutebajcp27022020\/AUDIO%20-%20DANIEL%20MARTINEZ%20-%20SUTEBA%20JCP%2027%2002%202020%20.mp3<\/a><\/audio>\n<div class=\"powerpress_player\" id=\"powerpress_player_1222\"><audio class=\"wp-audio-shortcode\" id=\"audio-1700-1\" preload=\"none\" style=\"width: 100%;\" controls=\"controls\"><source type=\"audio\/mpeg\" src=\"https:\/\/archive.org\/download\/audiodanielmartinezsutebajcp27022020\/AUDIO%20-%20DANIEL%20MARTINEZ%20-%20SUTEBA%20JCP%2027%2002%202020%20.mp3?_=1\" \/><a href=\"https:\/\/archive.org\/download\/audiodanielmartinezsutebajcp27022020\/AUDIO%20-%20DANIEL%20MARTINEZ%20-%20SUTEBA%20JCP%2027%2002%202020%20.mp3\">https:\/\/archive.org\/download\/audiodanielmartinezsutebajcp27022020\/AUDIO%20-%20DANIEL%20MARTINEZ%20-%20SUTEBA%20JCP%2027%2002%202020%20.mp3<\/a><\/audio><\/div><p class=\"powerpress_links powerpress_links_mp3\" style=\"margin-bottom: 1px !important;\">Podcast: <a href=\"https:\/\/archive.org\/download\/audiodanielmartinezsutebajcp27022020\/AUDIO%20-%20DANIEL%20MARTINEZ%20-%20SUTEBA%20JCP%2027%2002%202020%20.mp3\" class=\"powerpress_link_pinw\" target=\"_blank\" title=\"Reproducir en una nueva ventana\" onclick=\"return powerpress_pinw('https:\/\/fmtinkunaco.ar\/?powerpress_pinw=1700-podcast');\" rel=\"nofollow\">Reproducir en una nueva ventana<\/a> | <a href=\"https:\/\/archive.org\/download\/audiodanielmartinezsutebajcp27022020\/AUDIO%20-%20DANIEL%20MARTINEZ%20-%20SUTEBA%20JCP%2027%2002%202020%20.mp3\" class=\"powerpress_link_d\" title=\"Descargar\" rel=\"nofollow\" download=\"AUDIO%20-%20DANIEL%20MARTINEZ%20-%20SUTEBA%20JCP%2027%2002%202020%20.mp3\">Descargar<\/a><\/p>","protected":false},"excerpt":{"rendered":"<p>Ayer, por la tarde, se cerr\u00f3 la paritaria nacional con un aumento del 13,5% y m\u00e1s tarde, se sentaron en negociaci\u00f3n los gremios docentes provinciales con las autoridades de gobierno pero no se lleg\u00f3 a un acuerdo. En di\u00e1logo con el programa radial \u201cEncuentro con las Noticias\u201d, Daniel Mart\u00ednez, de SUTEBA Jos\u00e9. C. Paz \u2013 [&hellip;]<\/p>\n","protected":false},"author":1,"featured_media":1702,"comment_status":"open","ping_status":"open","sticky":false,"template":"","format":"standard","meta":{"footnotes":""},"categories":[7],"tags":[],"class_list":["post-1700","post","type-post","status-publish","format-standard","has-post-thumbnail","hentry","category-salud"],"_links":{"self":[{"href":"https:\/\/fmtinkunaco.ar\/index.php?rest_route=\/wp\/v2\/posts\/1700","targetHints":{"allow":["GET"]}}],"collection":[{"href":"https:\/\/fmtinkunaco.ar\/index.php?rest_route=\/wp\/v2\/posts"}],"about":[{"href":"https:\/\/fmtinkunaco.ar\/index.php?rest_route=\/wp\/v2\/types\/post"}],"author":[{"embeddable":true,"href":"https:\/\/fmtinkunaco.ar\/index.php?rest_route=\/wp\/v2\/users\/1"}],"replies":[{"embeddable":true,"href":"https:\/\/fmtinkunaco.ar\/index.php?rest_route=%2Fwp%2Fv2%2Fcomments&post=1700"}],"version-history":[{"count":0,"href":"https:\/\/fmtinkunaco.ar\/index.php?rest_route=\/wp\/v2\/posts\/1700\/revisions"}],"wp:featuredmedia":[{"embeddable":true,"href":"https:\/\/fmtinkunaco.ar\/index.php?rest_route=\/"}],"wp:attachment":[{"href":"https:\/\/fmtinkunaco.ar\/index.php?rest_route=%2Fwp%2Fv2%2Fmedia&parent=1700"}],"wp:term":[{"taxonomy":"category","embeddable":true,"href":"https:\/\/fmtinkunaco.ar\/index.php?rest_route=%2Fwp%2Fv2%2Fcategories&post=1700"},{"taxonomy":"post_tag","embeddable":true,"href":"https:\/\/fmtinkunaco.ar\/index.php?rest_route=%2Fwp%2Fv2%2Ftags&post=1700"}],"curies":[{"name":"wp","href":"https:\/\/api.w.org\/{rel}","templated":true}]}}