{"id":1704,"date":"2020-03-02T15:47:41","date_gmt":"2020-03-02T18:47:41","guid":{"rendered":"http:\/\/fmtinkunaco.com.ar\/?p=1704"},"modified":"2020-03-02T15:47:41","modified_gmt":"2020-03-02T18:47:41","slug":"nuevo-ingreso-a-el-campito-en-campo-de-mayo","status":"publish","type":"post","link":"https:\/\/fmtinkunaco.ar\/?p=1704","title":{"rendered":"Nuevo ingreso a \u201cEl Campito\u201d en Campo de Mayo"},"content":{"rendered":"<p>El pr\u00f3ximo viernes 20 de marzo la Asociaci\u00f3n de Sobrevivientes, Familiares y Compa\u00f1erxs de Campo de Mayo ingresar\u00e1 nuevamente a \u201cEl Campito\u201d, en una nueva conmemoraci\u00f3n por Memoria, Verdad y Justicia.<\/p>\n<p>En di\u00e1logo con el programa radial \u201cEncuentro con las Noticias\u201d, Iris Avellaneda, sobreviviente del Terrorismo de Estado y quien preside la Asociaci\u00f3n remarc\u00f3 la importancia de esta nuevo ingreso, <em>\u201cEl 20 para nosotros es importante, tiene que ser un acto multitudinario, lo vamos a hacer en la se\u00f1alizaci\u00f3n; donde se se\u00f1alizo el a\u00f1o pasado como centro clandestino, y despu\u00e9s entrar a El Campito a recorrer el lugar donde estuvieron todos nuestros queridos compa\u00f1eros. (\u2026) Queremos que sea un acto alegre, no un acto triste porque para tristeza ya hemos vivido demasiado, son muchos a\u00f1os de tristeza y siempre con la esperanza de que nuestros queridos familiares aparezcan pero hasta ahora no han aparecido nada, al menos no me han comunicado ning\u00fan cuerpo que haya aparecido\u201d<\/em>.<\/p>\n<p>Avellaneda, adem\u00e1s se refiri\u00f3 a la emoci\u00f3n por el anuncio del Presidente Alberto Fern\u00e1ndez sobre la creaci\u00f3n del \u201cEspacio de Memoria El Campito\u201d, <em>\u201cEstaba sola y me largu\u00e9 a llorar, sent\u00ed una alegr\u00eda enorme por lo que dijo y una que nosotros le hemos mandado cartas por los cuatro puntos pero no s\u00e9 si realmente la recibi\u00f3 o la ley\u00f3, y de ah\u00ed saco lo que nosotros le hab\u00edamos puesto pero la importancia que tiene es que por lo menos este gobierno haga algo por los centros clandestinos. Para nosotros fue una alegr\u00eda, esta noticia para m\u00ed fue espectacular, me puse muy contenta\u201d<\/em>.<\/p>\n<p>Para participar del ingreso es importante estar anotado con anterioridad, para m\u00e1s informaci\u00f3n ingresar al facebook de la asociaci\u00f3n: Sobrevivientes, familiares y compa\u00f1erxs de Campo de Mayo.<\/p>\n<p>Compartimos le entrevista completa<\/p>\n<p><a href=\"https:\/\/archive.org\/details\/audioirisavellaneda02032020\">Descargar<\/a><\/p>\n<audio class=\"wp-audio-shortcode\" id=\"audio-1704-2\" preload=\"none\" style=\"width: 100%;\" controls=\"controls\"><source type=\"audio\/mpeg\" src=\"https:\/\/archive.org\/download\/audioirisavellaneda02032020\/AUDIO%20-%20IRIS%20AVELLANEDA%2002%2003%202020.mp3?_=2\" \/><a href=\"https:\/\/archive.org\/download\/audioirisavellaneda02032020\/AUDIO%20-%20IRIS%20AVELLANEDA%2002%2003%202020.mp3\">https:\/\/archive.org\/download\/audioirisavellaneda02032020\/AUDIO%20-%20IRIS%20AVELLANEDA%2002%2003%202020.mp3<\/a><\/audio>\n<div class=\"powerpress_player\" id=\"powerpress_player_8088\"><audio class=\"wp-audio-shortcode\" id=\"audio-1704-1\" preload=\"none\" style=\"width: 100%;\" controls=\"controls\"><source type=\"audio\/mpeg\" src=\"https:\/\/archive.org\/download\/audioirisavellaneda02032020\/AUDIO%20-%20IRIS%20AVELLANEDA%2002%2003%202020.mp3?_=1\" \/><a href=\"https:\/\/archive.org\/download\/audioirisavellaneda02032020\/AUDIO%20-%20IRIS%20AVELLANEDA%2002%2003%202020.mp3\">https:\/\/archive.org\/download\/audioirisavellaneda02032020\/AUDIO%20-%20IRIS%20AVELLANEDA%2002%2003%202020.mp3<\/a><\/audio><\/div><p class=\"powerpress_links powerpress_links_mp3\" style=\"margin-bottom: 1px !important;\">Podcast: <a href=\"https:\/\/archive.org\/download\/audioirisavellaneda02032020\/AUDIO%20-%20IRIS%20AVELLANEDA%2002%2003%202020.mp3\" class=\"powerpress_link_pinw\" target=\"_blank\" title=\"Reproducir en una nueva ventana\" onclick=\"return powerpress_pinw('https:\/\/fmtinkunaco.ar\/?powerpress_pinw=1704-podcast');\" rel=\"nofollow\">Reproducir en una nueva ventana<\/a> | <a href=\"https:\/\/archive.org\/download\/audioirisavellaneda02032020\/AUDIO%20-%20IRIS%20AVELLANEDA%2002%2003%202020.mp3\" class=\"powerpress_link_d\" title=\"Descargar\" rel=\"nofollow\" download=\"AUDIO%20-%20IRIS%20AVELLANEDA%2002%2003%202020.mp3\">Descargar<\/a><\/p>","protected":false},"excerpt":{"rendered":"<p>El pr\u00f3ximo viernes 20 de marzo la Asociaci\u00f3n de Sobrevivientes, Familiares y Compa\u00f1erxs de Campo de Mayo ingresar\u00e1 nuevamente a \u201cEl Campito\u201d, en una nueva conmemoraci\u00f3n por Memoria, Verdad y Justicia. En di\u00e1logo con el programa radial \u201cEncuentro con las Noticias\u201d, Iris Avellaneda, sobreviviente del Terrorismo de Estado y quien preside la Asociaci\u00f3n remarc\u00f3 la [&hellip;]<\/p>\n","protected":false},"author":1,"featured_media":1705,"comment_status":"open","ping_status":"open","sticky":false,"template":"","format":"standard","meta":{"footnotes":""},"categories":[4],"tags":[],"class_list":["post-1704","post","type-post","status-publish","format-standard","has-post-thumbnail","hentry","category-derechos-humanos"],"_links":{"self":[{"href":"https:\/\/fmtinkunaco.ar\/index.php?rest_route=\/wp\/v2\/posts\/1704","targetHints":{"allow":["GET"]}}],"collection":[{"href":"https:\/\/fmtinkunaco.ar\/index.php?rest_route=\/wp\/v2\/posts"}],"about":[{"href":"https:\/\/fmtinkunaco.ar\/index.php?rest_route=\/wp\/v2\/types\/post"}],"author":[{"embeddable":true,"href":"https:\/\/fmtinkunaco.ar\/index.php?rest_route=\/wp\/v2\/users\/1"}],"replies":[{"embeddable":true,"href":"https:\/\/fmtinkunaco.ar\/index.php?rest_route=%2Fwp%2Fv2%2Fcomments&post=1704"}],"version-history":[{"count":0,"href":"https:\/\/fmtinkunaco.ar\/index.php?rest_route=\/wp\/v2\/posts\/1704\/revisions"}],"wp:featuredmedia":[{"embeddable":true,"href":"https:\/\/fmtinkunaco.ar\/index.php?rest_route=\/"}],"wp:attachment":[{"href":"https:\/\/fmtinkunaco.ar\/index.php?rest_route=%2Fwp%2Fv2%2Fmedia&parent=1704"}],"wp:term":[{"taxonomy":"category","embeddable":true,"href":"https:\/\/fmtinkunaco.ar\/index.php?rest_route=%2Fwp%2Fv2%2Fcategories&post=1704"},{"taxonomy":"post_tag","embeddable":true,"href":"https:\/\/fmtinkunaco.ar\/index.php?rest_route=%2Fwp%2Fv2%2Ftags&post=1704"}],"curies":[{"name":"wp","href":"https:\/\/api.w.org\/{rel}","templated":true}]}}