{"id":1714,"date":"2020-03-02T16:51:39","date_gmt":"2020-03-02T19:51:39","guid":{"rendered":"http:\/\/fmtinkunaco.com.ar\/?p=1714"},"modified":"2020-03-02T16:51:39","modified_gmt":"2020-03-02T19:51:39","slug":"primera-jornada-de-paro-convocado-por-suteba-multicolor","status":"publish","type":"post","link":"https:\/\/fmtinkunaco.ar\/?p=1714","title":{"rendered":"Primera jornada de paro convocado por Suteba Multicolor"},"content":{"rendered":"<p>Las clases iniciaron hoy en muchas provincias del pa\u00eds en el nivel inicial y en el nivel primario, pero 13 jurisdicciones se adhirieron al paro convocado por Suteba Multicolor.<\/p>\n<p>En di\u00e1logo con el programa radial \u201cEncuentro con las Noticias\u201d, Hugo Pacheco, docente pace\u00f1o e integrante de Docentes en Marcha se refiri\u00f3 al escenario educativo frente al nuevo gobierno, <em>\u201cLo que nosotros observamos desde la Multicolor y principalmente desde Docentes en Marcha es que hay un grueso trazo de continuidad con respecto al ajuste sobre educaci\u00f3n. Este gobierno de la provincia de Buenos Aires y tambi\u00e9n el Nacional siguen priorizando el pago de la deuda, el pago a bonistas por sobre el levantamiento o por sobre la recuperaci\u00f3n del salario docente, o sea por sobre la Escuela P\u00fablica\u201d<\/em>.<\/p>\n<p>Adem\u00e1s, Pacheco, remarc\u00f3 que el ofrecimiento paritario provincial es paup\u00e9rrimo, <em>\u201cEstamos frente a un nuevo ajuste sobre educaci\u00f3n por eso la bronca de los docentes y por eso 13 jurisdicciones en la Rep\u00fablica Argentina no est\u00e1n comenzando las clases el d\u00eda de hoy. (\u2026) Es en dos etapas, marzo y junio el aumento que vamos a tener y el escenario b\u00e1sico, es una suma paup\u00e9rrima, de $11.800 va a pasar a $12.767 en marzo y a $13.772 en junio. El sueldo de un maestro de grado, a junio, no tendr\u00eda ni siquiera un aumento del 13%. Ese sueldo llevado al costo de vida que tenemos todos los sectores de la clase trabajadora en la Argentina pr\u00e1cticamente no le permiten pagar la salida al supermercado, ropa, vestimenta, \u00fatiles escolares y un alquiler, es imposible mantener una familia con ese sueldo\u201d<\/em>.<\/p>\n<p>Frente a este escenario desde Suteba Multicolor han convocado a paro para este inicio de clases, y se han adherido 13 jurisdicciones.<\/p>\n<p>Finalmente, Hugo Pacheco, tambi\u00e9n se refiri\u00f3 a la situaci\u00f3n de las escuelas pace\u00f1as, y asegur\u00f3 que el 80% de las mismas no se encuentra en condiciones de iniciar el ciclo lectivo, <em>\u201cLas escuelas est\u00e1n maquilladas, est\u00e1n muy lindas pero por dentro tenemos un c\u00e1ncer de escuelas que se est\u00e1n destruyendo dada la falta de presupuesto educativo porque se sigue priorizando el pago de la deuda y a bonistas. (\u2026) El 80% de las escuelas en Jos\u00e9. C. Paz sigue teniendo problemas de edificio serios, no se han solucionado, est\u00e1n pintadas pero no est\u00e1n en condiciones de empezar las escuelas. Estamos enmascarando y edulcorando una situaci\u00f3n que no es tal\u201d<\/em>.<\/p>\n<p>En este paro, adem\u00e1s, han convocado a movilizaci\u00f3n desde Congreso al Ministerio de Educaci\u00f3n de la Naci\u00f3n.<\/p>\n<p>Compartimos la entrevista completa<\/p>\n<p><a href=\"https:\/\/archive.org\/details\/audiohugopacheco02032020\">Descargar<\/a><\/p>\n<audio class=\"wp-audio-shortcode\" id=\"audio-1714-2\" preload=\"none\" style=\"width: 100%;\" controls=\"controls\"><source type=\"audio\/mpeg\" src=\"https:\/\/archive.org\/download\/audiohugopacheco02032020\/AUDIO%20-%20HUGO%20PACHECO%2002%2003%202020.mp3?_=2\" \/><a href=\"https:\/\/archive.org\/download\/audiohugopacheco02032020\/AUDIO%20-%20HUGO%20PACHECO%2002%2003%202020.mp3\">https:\/\/archive.org\/download\/audiohugopacheco02032020\/AUDIO%20-%20HUGO%20PACHECO%2002%2003%202020.mp3<\/a><\/audio>\n<div class=\"powerpress_player\" id=\"powerpress_player_7952\"><audio class=\"wp-audio-shortcode\" id=\"audio-1714-1\" preload=\"none\" style=\"width: 100%;\" controls=\"controls\"><source type=\"audio\/mpeg\" src=\"https:\/\/archive.org\/download\/audiohugopacheco02032020\/AUDIO%20-%20HUGO%20PACHECO%2002%2003%202020.mp3?_=1\" \/><a href=\"https:\/\/archive.org\/download\/audiohugopacheco02032020\/AUDIO%20-%20HUGO%20PACHECO%2002%2003%202020.mp3\">https:\/\/archive.org\/download\/audiohugopacheco02032020\/AUDIO%20-%20HUGO%20PACHECO%2002%2003%202020.mp3<\/a><\/audio><\/div><p class=\"powerpress_links powerpress_links_mp3\" style=\"margin-bottom: 1px !important;\">Podcast: <a href=\"https:\/\/archive.org\/download\/audiohugopacheco02032020\/AUDIO%20-%20HUGO%20PACHECO%2002%2003%202020.mp3\" class=\"powerpress_link_pinw\" target=\"_blank\" title=\"Reproducir en una nueva ventana\" onclick=\"return powerpress_pinw('https:\/\/fmtinkunaco.ar\/?powerpress_pinw=1714-podcast');\" rel=\"nofollow\">Reproducir en una nueva ventana<\/a> | <a href=\"https:\/\/archive.org\/download\/audiohugopacheco02032020\/AUDIO%20-%20HUGO%20PACHECO%2002%2003%202020.mp3\" class=\"powerpress_link_d\" title=\"Descargar\" rel=\"nofollow\" download=\"AUDIO%20-%20HUGO%20PACHECO%2002%2003%202020.mp3\">Descargar<\/a><\/p>","protected":false},"excerpt":{"rendered":"<p>Las clases iniciaron hoy en muchas provincias del pa\u00eds en el nivel inicial y en el nivel primario, pero 13 jurisdicciones se adhirieron al paro convocado por Suteba Multicolor. En di\u00e1logo con el programa radial \u201cEncuentro con las Noticias\u201d, Hugo Pacheco, docente pace\u00f1o e integrante de Docentes en Marcha se refiri\u00f3 al escenario educativo frente [&hellip;]<\/p>\n","protected":false},"author":1,"featured_media":1715,"comment_status":"open","ping_status":"open","sticky":false,"template":"","format":"standard","meta":{"footnotes":""},"categories":[5],"tags":[],"class_list":["post-1714","post","type-post","status-publish","format-standard","has-post-thumbnail","hentry","category-educacion"],"_links":{"self":[{"href":"https:\/\/fmtinkunaco.ar\/index.php?rest_route=\/wp\/v2\/posts\/1714","targetHints":{"allow":["GET"]}}],"collection":[{"href":"https:\/\/fmtinkunaco.ar\/index.php?rest_route=\/wp\/v2\/posts"}],"about":[{"href":"https:\/\/fmtinkunaco.ar\/index.php?rest_route=\/wp\/v2\/types\/post"}],"author":[{"embeddable":true,"href":"https:\/\/fmtinkunaco.ar\/index.php?rest_route=\/wp\/v2\/users\/1"}],"replies":[{"embeddable":true,"href":"https:\/\/fmtinkunaco.ar\/index.php?rest_route=%2Fwp%2Fv2%2Fcomments&post=1714"}],"version-history":[{"count":0,"href":"https:\/\/fmtinkunaco.ar\/index.php?rest_route=\/wp\/v2\/posts\/1714\/revisions"}],"wp:featuredmedia":[{"embeddable":true,"href":"https:\/\/fmtinkunaco.ar\/index.php?rest_route=\/"}],"wp:attachment":[{"href":"https:\/\/fmtinkunaco.ar\/index.php?rest_route=%2Fwp%2Fv2%2Fmedia&parent=1714"}],"wp:term":[{"taxonomy":"category","embeddable":true,"href":"https:\/\/fmtinkunaco.ar\/index.php?rest_route=%2Fwp%2Fv2%2Fcategories&post=1714"},{"taxonomy":"post_tag","embeddable":true,"href":"https:\/\/fmtinkunaco.ar\/index.php?rest_route=%2Fwp%2Fv2%2Ftags&post=1714"}],"curies":[{"name":"wp","href":"https:\/\/api.w.org\/{rel}","templated":true}]}}