{"id":1719,"date":"2020-03-03T14:09:12","date_gmt":"2020-03-03T17:09:12","guid":{"rendered":"http:\/\/fmtinkunaco.com.ar\/?p=1719"},"modified":"2020-03-03T14:09:12","modified_gmt":"2020-03-03T17:09:12","slug":"asamblea-feminista-de-cara-a-un-nuevo-8m-en-el-territorio","status":"publish","type":"post","link":"https:\/\/fmtinkunaco.ar\/?p=1719","title":{"rendered":"Asamblea Feminista de cara a un nuevo #8M en el territorio"},"content":{"rendered":"<p>La Asamblea Feminista Conurbana Noroeste se re\u00fane nuevamente ma\u00f1ana para ultimar detalles de cara a una nueva jornada de lucha en el marco del #8M.<\/p>\n<p>Un nuevo a\u00f1o en el que las feminidades y disidencias salen a las calles en un nuevo paro a exigir y gritar contra la violencia machista.<\/p>\n<p>En di\u00e1logo con el programa radial \u201cEncuentro con las Noticias\u201d, Cecilia Falc\u00f3n, integrante de la Asamblea Feminista Conurbana Noroeste, se refiri\u00f3 a lo planificado para este nuevo paro, <em>\u201cVa a ser en San Miguel, esta movida, el domingo 8. Estamos convocando a partir de las 16.30hs para hacer la marcha que hacemos siempre, vamos a estar ah\u00ed con la radio, la idea tambi\u00e9n es marchar \u00a0desde la Plaza de San Miguel hasta la Plaza de Las Carretas y poder volver. Como siempre tambi\u00e9n se congregan les compas de Jos\u00e9. C. Paz para hacer un trenazo para sumarse en la plaza a la columna que inicie la marcha\u201d<\/em>.<\/p>\n<p>Falc\u00f3n, adem\u00e1s, remarc\u00f3 la importancia de la visibilizaci\u00f3n en el territorio, <em>\u201cLa Asamblea Feminista Conurbana Noroeste surge para darle esa visibilizaci\u00f3n al territorio, lo que es Jos\u00e9. C. Paz, Malvinas y San Miguel; sabiendo que cada territorio tiene su particularidad en no cumplir con los derechos, arrebatarlos y vulnerar en todo sentido y creemos que San Miguel en eso se lleva los premios tambi\u00e9n\u201d<\/em>.<\/p>\n<p>Cecilia Falc\u00f3n, finalmente, explic\u00f3 que en la \u00faltima asamblea previa al #8M se realizar\u00e1 el trabajo final en comisiones, <em>\u201cMa\u00f1ana se va a trabajar en comisiones, se va a elaborar el documento, ya lo trabajamos en asamblea el mi\u00e9rcoles pasado, as\u00ed que lo que vamos\u00a0 a hacer es ampliarlo y plasmarlo, las intervenciones art\u00edsticas, seguridad que es sumamente importante. Estamos marchando en un territorio donde en las \u00faltimas dos intervenciones se nos ha tirado gas pimienta, as\u00ed que es sumamente importante cuidarnos; as\u00ed que vamos a estar trabajando en comisiones\u201d<\/em>.<\/p>\n<p>La convocatoria es ma\u00f1ana, mi\u00e9rcoles, a las 18.30 hs en el Centro Cultural de la Universidad Nacional de General Sarmiento \u2013 Roca 850, esquina Mu\u00f1oz.<\/p>\n<p>Y la convocatoria del #8M es el domingo, a partir de las 16.30 hs, en la Plaza de San Miguel.<\/p>\n<p>Compartimos la entrevista completa<\/p>\n<p><a href=\"https:\/\/archive.org\/details\/audioceciliafalconafcn03032020\">Descargar<\/a><\/p>\n<audio class=\"wp-audio-shortcode\" id=\"audio-1719-2\" preload=\"none\" style=\"width: 100%;\" controls=\"controls\"><source type=\"audio\/mpeg\" src=\"https:\/\/archive.org\/download\/audioceciliafalconafcn03032020\/AUDIO%20-%20CECILIA%20FALCON%20-%20AFCN%2003%2003%202020.mp3?_=2\" \/><a href=\"https:\/\/archive.org\/download\/audioceciliafalconafcn03032020\/AUDIO%20-%20CECILIA%20FALCON%20-%20AFCN%2003%2003%202020.mp3\">https:\/\/archive.org\/download\/audioceciliafalconafcn03032020\/AUDIO%20-%20CECILIA%20FALCON%20-%20AFCN%2003%2003%202020.mp3<\/a><\/audio>\n<div class=\"powerpress_player\" id=\"powerpress_player_7582\"><audio class=\"wp-audio-shortcode\" id=\"audio-1719-1\" preload=\"none\" style=\"width: 100%;\" controls=\"controls\"><source type=\"audio\/mpeg\" src=\"https:\/\/archive.org\/download\/audioceciliafalconafcn03032020\/AUDIO%20-%20CECILIA%20FALCON%20-%20AFCN%2003%2003%202020.mp3?_=1\" \/><a href=\"https:\/\/archive.org\/download\/audioceciliafalconafcn03032020\/AUDIO%20-%20CECILIA%20FALCON%20-%20AFCN%2003%2003%202020.mp3\">https:\/\/archive.org\/download\/audioceciliafalconafcn03032020\/AUDIO%20-%20CECILIA%20FALCON%20-%20AFCN%2003%2003%202020.mp3<\/a><\/audio><\/div><p class=\"powerpress_links powerpress_links_mp3\" style=\"margin-bottom: 1px !important;\">Podcast: <a href=\"https:\/\/archive.org\/download\/audioceciliafalconafcn03032020\/AUDIO%20-%20CECILIA%20FALCON%20-%20AFCN%2003%2003%202020.mp3\" class=\"powerpress_link_pinw\" target=\"_blank\" title=\"Reproducir en una nueva ventana\" onclick=\"return powerpress_pinw('https:\/\/fmtinkunaco.ar\/?powerpress_pinw=1719-podcast');\" rel=\"nofollow\">Reproducir en una nueva ventana<\/a> | <a href=\"https:\/\/archive.org\/download\/audioceciliafalconafcn03032020\/AUDIO%20-%20CECILIA%20FALCON%20-%20AFCN%2003%2003%202020.mp3\" class=\"powerpress_link_d\" title=\"Descargar\" rel=\"nofollow\" download=\"AUDIO%20-%20CECILIA%20FALCON%20-%20AFCN%2003%2003%202020.mp3\">Descargar<\/a><\/p>","protected":false},"excerpt":{"rendered":"<p>La Asamblea Feminista Conurbana Noroeste se re\u00fane nuevamente ma\u00f1ana para ultimar detalles de cara a una nueva jornada de lucha en el marco del #8M. Un nuevo a\u00f1o en el que las feminidades y disidencias salen a las calles en un nuevo paro a exigir y gritar contra la violencia machista. En di\u00e1logo con el [&hellip;]<\/p>\n","protected":false},"author":1,"featured_media":1720,"comment_status":"open","ping_status":"open","sticky":false,"template":"","format":"standard","meta":{"footnotes":""},"categories":[6],"tags":[],"class_list":["post-1719","post","type-post","status-publish","format-standard","has-post-thumbnail","hentry","category-genero"],"_links":{"self":[{"href":"https:\/\/fmtinkunaco.ar\/index.php?rest_route=\/wp\/v2\/posts\/1719","targetHints":{"allow":["GET"]}}],"collection":[{"href":"https:\/\/fmtinkunaco.ar\/index.php?rest_route=\/wp\/v2\/posts"}],"about":[{"href":"https:\/\/fmtinkunaco.ar\/index.php?rest_route=\/wp\/v2\/types\/post"}],"author":[{"embeddable":true,"href":"https:\/\/fmtinkunaco.ar\/index.php?rest_route=\/wp\/v2\/users\/1"}],"replies":[{"embeddable":true,"href":"https:\/\/fmtinkunaco.ar\/index.php?rest_route=%2Fwp%2Fv2%2Fcomments&post=1719"}],"version-history":[{"count":0,"href":"https:\/\/fmtinkunaco.ar\/index.php?rest_route=\/wp\/v2\/posts\/1719\/revisions"}],"wp:featuredmedia":[{"embeddable":true,"href":"https:\/\/fmtinkunaco.ar\/index.php?rest_route=\/"}],"wp:attachment":[{"href":"https:\/\/fmtinkunaco.ar\/index.php?rest_route=%2Fwp%2Fv2%2Fmedia&parent=1719"}],"wp:term":[{"taxonomy":"category","embeddable":true,"href":"https:\/\/fmtinkunaco.ar\/index.php?rest_route=%2Fwp%2Fv2%2Fcategories&post=1719"},{"taxonomy":"post_tag","embeddable":true,"href":"https:\/\/fmtinkunaco.ar\/index.php?rest_route=%2Fwp%2Fv2%2Ftags&post=1719"}],"curies":[{"name":"wp","href":"https:\/\/api.w.org\/{rel}","templated":true}]}}