{"id":1725,"date":"2020-03-05T15:55:10","date_gmt":"2020-03-05T18:55:10","guid":{"rendered":"http:\/\/fmtinkunaco.com.ar\/?p=1725"},"modified":"2020-03-05T15:55:10","modified_gmt":"2020-03-05T18:55:10","slug":"1725-2","status":"publish","type":"post","link":"https:\/\/fmtinkunaco.ar\/?p=1725","title":{"rendered":"Se profundiza la crisis sanitaria en Jos\u00e9. C. Paz"},"content":{"rendered":"<p>El sistema de salud de Jos\u00e9. C. Paz contin\u00faa sufriendo, desde 2016, \u00a0el vaciamiento progresivo de insumos y profesionales.<\/p>\n<p>En di\u00e1logo con el programa radial \u201cEncuentro con las Noticias\u201d, Marcelo Ochoa, AMS e integrante de la Asamblea No al cierre de las salitas, se refiri\u00f3 a la situaci\u00f3n de los centros de atenci\u00f3n primaria del distrito, \u201c<em>Es cierto que hay una recuperaci\u00f3n del car\u00e1cter ministerial de la salud, pero evidentemente las l\u00f3gicas privatizadoras u otras l\u00f3gicas no p\u00fablicamente aceptables est\u00e1n todav\u00eda dando vueltas en lo que es la salud territorial. En Jos\u00e9. C. Paz desde que empezamos nuestra organizaci\u00f3n de denuncia de este modelo, desde mediados del 2016, la l\u00f3gica sigue igual.<\/em><br \/>\n<em> Hemos contado varias veces que se pudo detener el vaciamiento de las salitas por la organizaci\u00f3n vecinal, organizaciones sociales y pol\u00edticas pero en una situaci\u00f3n de crisis sanitaria sigue el deshuase del nivel de atenci\u00f3n primaria de la salud\u201d<\/em>.<\/p>\n<p>Adem\u00e1s, Ochoa, describi\u00f3 particularmente el estado del Trailer Pi\u00f1eyro, ya que hoy se enteraban que el servicio de obstetricia dejar\u00e1 de brindarse, <em>\u201cLo que refiere al servicio de enfermer\u00eda hubo un cambio de profesional, la enfermera que estuvo all\u00ed desde a\u00f1os con conocimiento de su comunidad fue trasladad y vino otro enfermero; eso tambi\u00e9n es importante se\u00f1alarlo porque no parece responder a una l\u00f3gica de cuidado de la comunidad, a la cual llegan los centros de salud, cuando se hacen los desplazamientos de profesionales. Hay toda una relaci\u00f3n que se construye entre la comunidad y los profesionales de la salud que no es menor.<\/em><br \/>\n<em> Y respecto al servicio de obstetricia, lo que se comunica es que hoy es el \u00faltimo d\u00eda del obstetra, no se sabe si va a haber servicio a futuro, entonces siempre es desinformaci\u00f3n.\u00a0 La desinformaci\u00f3n con la que se juega en la cartera local de salud y a la que es muy dif\u00edcil superar porque tienen un hermetismo respecto de esto y una cierta impunidad como para manejar recursos humanos y no dar cuenta de ninguna decisi\u00f3n que toman\u201d<\/em>.<\/p>\n<p>Marcelo Ochoa, plante\u00f3 la necesidad de desarmar el sistema de salud pace\u00f1o y barajar de nuevo, <em>\u201cEs un problema muy complejo, a esta altura del partido poder desarmar, para m\u00ed la salida a todo esto es un barajar y dar de nuevo al sistema sanitario, participaci\u00f3n de la comunidad en las pol\u00edticas sanitarias y s\u00ed se necesita una claridad, un proyecto pol\u00edtico que diga hacia d\u00f3nde va a ir la salud en el pa\u00eds y en la provincia de Buenos Aires en particular\u201d<\/em>.<\/p>\n<p>Frente a este contexto la asamblea no al cierre de las salitas se reunir\u00e1 el d\u00eda domingo, para definir acciones a realizar.<\/p>\n<p>Compartimos la entrevista completa<\/p>\n<p><a href=\"https:\/\/archive.org\/details\/audiomarceloochoanoalcierredelassalitas05032020\">Descargar<\/a><\/p>\n<audio class=\"wp-audio-shortcode\" id=\"audio-1725-2\" preload=\"none\" style=\"width: 100%;\" controls=\"controls\"><source type=\"audio\/mpeg\" src=\"https:\/\/archive.org\/download\/audiomarceloochoanoalcierredelassalitas05032020\/AUDIO%20-%20MARCELO%20OCHOA%20-%20NO%20AL%20CIERRE%20DE%20LAS%20SALITAS%2005%2003%202020.mp3?_=2\" \/><a href=\"https:\/\/archive.org\/download\/audiomarceloochoanoalcierredelassalitas05032020\/AUDIO%20-%20MARCELO%20OCHOA%20-%20NO%20AL%20CIERRE%20DE%20LAS%20SALITAS%2005%2003%202020.mp3\">https:\/\/archive.org\/download\/audiomarceloochoanoalcierredelassalitas05032020\/AUDIO%20-%20MARCELO%20OCHOA%20-%20NO%20AL%20CIERRE%20DE%20LAS%20SALITAS%2005%2003%202020.mp3<\/a><\/audio>\n<div class=\"powerpress_player\" id=\"powerpress_player_3164\"><audio class=\"wp-audio-shortcode\" id=\"audio-1725-1\" preload=\"none\" style=\"width: 100%;\" controls=\"controls\"><source type=\"audio\/mpeg\" src=\"https:\/\/archive.org\/download\/audiomarceloochoanoalcierredelassalitas05032020\/AUDIO%20-%20MARCELO%20OCHOA%20-%20NO%20AL%20CIERRE%20DE%20LAS%20SALITAS%2005%2003%202020.mp3?_=1\" \/><a href=\"https:\/\/archive.org\/download\/audiomarceloochoanoalcierredelassalitas05032020\/AUDIO%20-%20MARCELO%20OCHOA%20-%20NO%20AL%20CIERRE%20DE%20LAS%20SALITAS%2005%2003%202020.mp3\">https:\/\/archive.org\/download\/audiomarceloochoanoalcierredelassalitas05032020\/AUDIO%20-%20MARCELO%20OCHOA%20-%20NO%20AL%20CIERRE%20DE%20LAS%20SALITAS%2005%2003%202020.mp3<\/a><\/audio><\/div><p class=\"powerpress_links powerpress_links_mp3\" style=\"margin-bottom: 1px !important;\">Podcast: <a href=\"https:\/\/archive.org\/download\/audiomarceloochoanoalcierredelassalitas05032020\/AUDIO%20-%20MARCELO%20OCHOA%20-%20NO%20AL%20CIERRE%20DE%20LAS%20SALITAS%2005%2003%202020.mp3\" class=\"powerpress_link_pinw\" target=\"_blank\" title=\"Reproducir en una nueva ventana\" onclick=\"return powerpress_pinw('https:\/\/fmtinkunaco.ar\/?powerpress_pinw=1725-podcast');\" rel=\"nofollow\">Reproducir en una nueva ventana<\/a> | <a href=\"https:\/\/archive.org\/download\/audiomarceloochoanoalcierredelassalitas05032020\/AUDIO%20-%20MARCELO%20OCHOA%20-%20NO%20AL%20CIERRE%20DE%20LAS%20SALITAS%2005%2003%202020.mp3\" class=\"powerpress_link_d\" title=\"Descargar\" rel=\"nofollow\" download=\"AUDIO%20-%20MARCELO%20OCHOA%20-%20NO%20AL%20CIERRE%20DE%20LAS%20SALITAS%2005%2003%202020.mp3\">Descargar<\/a><\/p>","protected":false},"excerpt":{"rendered":"<p>El sistema de salud de Jos\u00e9. C. Paz contin\u00faa sufriendo, desde 2016, \u00a0el vaciamiento progresivo de insumos y profesionales. En di\u00e1logo con el programa radial \u201cEncuentro con las Noticias\u201d, Marcelo Ochoa, AMS e integrante de la Asamblea No al cierre de las salitas, se refiri\u00f3 a la situaci\u00f3n de los centros de atenci\u00f3n primaria del [&hellip;]<\/p>\n","protected":false},"author":1,"featured_media":1726,"comment_status":"open","ping_status":"open","sticky":false,"template":"","format":"standard","meta":{"footnotes":""},"categories":[7],"tags":[],"class_list":["post-1725","post","type-post","status-publish","format-standard","has-post-thumbnail","hentry","category-salud"],"_links":{"self":[{"href":"https:\/\/fmtinkunaco.ar\/index.php?rest_route=\/wp\/v2\/posts\/1725","targetHints":{"allow":["GET"]}}],"collection":[{"href":"https:\/\/fmtinkunaco.ar\/index.php?rest_route=\/wp\/v2\/posts"}],"about":[{"href":"https:\/\/fmtinkunaco.ar\/index.php?rest_route=\/wp\/v2\/types\/post"}],"author":[{"embeddable":true,"href":"https:\/\/fmtinkunaco.ar\/index.php?rest_route=\/wp\/v2\/users\/1"}],"replies":[{"embeddable":true,"href":"https:\/\/fmtinkunaco.ar\/index.php?rest_route=%2Fwp%2Fv2%2Fcomments&post=1725"}],"version-history":[{"count":0,"href":"https:\/\/fmtinkunaco.ar\/index.php?rest_route=\/wp\/v2\/posts\/1725\/revisions"}],"wp:featuredmedia":[{"embeddable":true,"href":"https:\/\/fmtinkunaco.ar\/index.php?rest_route=\/"}],"wp:attachment":[{"href":"https:\/\/fmtinkunaco.ar\/index.php?rest_route=%2Fwp%2Fv2%2Fmedia&parent=1725"}],"wp:term":[{"taxonomy":"category","embeddable":true,"href":"https:\/\/fmtinkunaco.ar\/index.php?rest_route=%2Fwp%2Fv2%2Fcategories&post=1725"},{"taxonomy":"post_tag","embeddable":true,"href":"https:\/\/fmtinkunaco.ar\/index.php?rest_route=%2Fwp%2Fv2%2Ftags&post=1725"}],"curies":[{"name":"wp","href":"https:\/\/api.w.org\/{rel}","templated":true}]}}