{"id":1729,"date":"2020-03-06T13:03:55","date_gmt":"2020-03-06T16:03:55","guid":{"rendered":"http:\/\/fmtinkunaco.com.ar\/?p=1729"},"modified":"2020-03-06T13:03:55","modified_gmt":"2020-03-06T16:03:55","slug":"caravana-2020-por-memoria-verdad-y-justicia","status":"publish","type":"post","link":"https:\/\/fmtinkunaco.ar\/?p=1729","title":{"rendered":"Caravana 2020 por Memoria, Verdad y Justicia"},"content":{"rendered":"<p>El s\u00e1bado 14 de marzo, convocan a la 11\u00b0 Caravana por Memoria, Verdad y Justicia; a partir de las 8 de la ma\u00f1ana, la caravana parte de la Comisaria N\u00b0 1 de Moreno.<\/p>\n<p>En di\u00e1logo con el programa radial \u201cEncuentro con las Noticias\u201d, Martha Ibarra, integrante de Moreno por la Memoria, se refiri\u00f3 a esta caravana, <em>\u201cEsta caravana ya es la n\u00famero 11 y ya van 5 o 6 caravanas que parten de Moreno, y bueno la caravana lo que hace es unir los centros clandestinos de detenci\u00f3n, tortura y exterminio que funcionaron bajo el mando de la Fuerza A\u00e9rea en el Circuito Represivo de la Zona N\u00b0 1 \/ Sub zona N\u00b0 16 que estaba en Moreno, Merlo y el Viejo Mor\u00f3n (Mor\u00f3n, Hurlingham e Ituzaingo). <\/em><br \/>\n<em> Lo que hacemos es partir desde el centro de Moreno, de los lugares que ya han sido se\u00f1alizados y vamos hacia Merlo\u201d<\/em>.<\/p>\n<p>El recorrido tendr\u00e1 13 paradas que han sido centros clandestinos de detenci\u00f3n, tortura y exterminio, entre las que se encuentran: La Comisaria N\u00b01 de Moreno, Ex Instituto de Menores RIGLOS, Comisaria N\u00b0 5 de Moreno, GIVA Merlo, Comisaria N\u00b0 1 de Merlo, Plaza de Ituzaingo, Comisar\u00eda N\u00b0 3 de Castelar, 7ma Brigada A\u00e9rea de Mor\u00f3n, RIBA Mor\u00f3n, Hospital Posadas, 1\u00b0 Brigada \u00c1rea del Palomar, Comisar\u00eda 2da de Villa Tesei y Mansi\u00f3n Ser\u00e9.<\/p>\n<p>Se espera que la caravana comience a las 8 de la ma\u00f1ana y que termine alrededor de las 18hs.<\/p>\n<p>Ibarra, remarc\u00f3,<em>\u201cEs una caravana muy larga que se organiza con un colectivo de Organismos de Derechos Humanos, de las tres localidades, y se elabora un documento conjunto que se lee en cada distrito, se lee una vez entero en cada distrito\u201d.<\/em><\/p>\n<p>Compartimos la entrevista completa<\/p>\n<p><a href=\"https:\/\/archive.org\/details\/audiomarthaibarramxm06032020\">Descargar<\/a><\/p>\n<audio class=\"wp-audio-shortcode\" id=\"audio-1729-2\" preload=\"none\" style=\"width: 100%;\" controls=\"controls\"><source type=\"audio\/mpeg\" src=\"https:\/\/archive.org\/download\/audiomarthaibarramxm06032020\/AUDIO%20-%20MARTHA%20IBARRA%20-%20MXM%2006%2003%202020%20.mp3?_=2\" \/><a href=\"https:\/\/archive.org\/download\/audiomarthaibarramxm06032020\/AUDIO%20-%20MARTHA%20IBARRA%20-%20MXM%2006%2003%202020%20.mp3\">https:\/\/archive.org\/download\/audiomarthaibarramxm06032020\/AUDIO%20-%20MARTHA%20IBARRA%20-%20MXM%2006%2003%202020%20.mp3<\/a><\/audio>\n<div class=\"powerpress_player\" id=\"powerpress_player_475\"><audio class=\"wp-audio-shortcode\" id=\"audio-1729-1\" preload=\"none\" style=\"width: 100%;\" controls=\"controls\"><source type=\"audio\/mpeg\" src=\"https:\/\/archive.org\/download\/audiomarthaibarramxm06032020\/AUDIO%20-%20MARTHA%20IBARRA%20-%20MXM%2006%2003%202020%20.mp3?_=1\" \/><a href=\"https:\/\/archive.org\/download\/audiomarthaibarramxm06032020\/AUDIO%20-%20MARTHA%20IBARRA%20-%20MXM%2006%2003%202020%20.mp3\">https:\/\/archive.org\/download\/audiomarthaibarramxm06032020\/AUDIO%20-%20MARTHA%20IBARRA%20-%20MXM%2006%2003%202020%20.mp3<\/a><\/audio><\/div><p class=\"powerpress_links powerpress_links_mp3\" style=\"margin-bottom: 1px !important;\">Podcast: <a href=\"https:\/\/archive.org\/download\/audiomarthaibarramxm06032020\/AUDIO%20-%20MARTHA%20IBARRA%20-%20MXM%2006%2003%202020%20.mp3\" class=\"powerpress_link_pinw\" target=\"_blank\" title=\"Reproducir en una nueva ventana\" onclick=\"return powerpress_pinw('https:\/\/fmtinkunaco.ar\/?powerpress_pinw=1729-podcast');\" rel=\"nofollow\">Reproducir en una nueva ventana<\/a> | <a href=\"https:\/\/archive.org\/download\/audiomarthaibarramxm06032020\/AUDIO%20-%20MARTHA%20IBARRA%20-%20MXM%2006%2003%202020%20.mp3\" class=\"powerpress_link_d\" title=\"Descargar\" rel=\"nofollow\" download=\"AUDIO%20-%20MARTHA%20IBARRA%20-%20MXM%2006%2003%202020%20.mp3\">Descargar<\/a><\/p>","protected":false},"excerpt":{"rendered":"<p>El s\u00e1bado 14 de marzo, convocan a la 11\u00b0 Caravana por Memoria, Verdad y Justicia; a partir de las 8 de la ma\u00f1ana, la caravana parte de la Comisaria N\u00b0 1 de Moreno. En di\u00e1logo con el programa radial \u201cEncuentro con las Noticias\u201d, Martha Ibarra, integrante de Moreno por la Memoria, se refiri\u00f3 a esta [&hellip;]<\/p>\n","protected":false},"author":1,"featured_media":1730,"comment_status":"open","ping_status":"open","sticky":false,"template":"","format":"standard","meta":{"footnotes":""},"categories":[4],"tags":[],"class_list":["post-1729","post","type-post","status-publish","format-standard","has-post-thumbnail","hentry","category-derechos-humanos"],"_links":{"self":[{"href":"https:\/\/fmtinkunaco.ar\/index.php?rest_route=\/wp\/v2\/posts\/1729","targetHints":{"allow":["GET"]}}],"collection":[{"href":"https:\/\/fmtinkunaco.ar\/index.php?rest_route=\/wp\/v2\/posts"}],"about":[{"href":"https:\/\/fmtinkunaco.ar\/index.php?rest_route=\/wp\/v2\/types\/post"}],"author":[{"embeddable":true,"href":"https:\/\/fmtinkunaco.ar\/index.php?rest_route=\/wp\/v2\/users\/1"}],"replies":[{"embeddable":true,"href":"https:\/\/fmtinkunaco.ar\/index.php?rest_route=%2Fwp%2Fv2%2Fcomments&post=1729"}],"version-history":[{"count":0,"href":"https:\/\/fmtinkunaco.ar\/index.php?rest_route=\/wp\/v2\/posts\/1729\/revisions"}],"wp:featuredmedia":[{"embeddable":true,"href":"https:\/\/fmtinkunaco.ar\/index.php?rest_route=\/"}],"wp:attachment":[{"href":"https:\/\/fmtinkunaco.ar\/index.php?rest_route=%2Fwp%2Fv2%2Fmedia&parent=1729"}],"wp:term":[{"taxonomy":"category","embeddable":true,"href":"https:\/\/fmtinkunaco.ar\/index.php?rest_route=%2Fwp%2Fv2%2Fcategories&post=1729"},{"taxonomy":"post_tag","embeddable":true,"href":"https:\/\/fmtinkunaco.ar\/index.php?rest_route=%2Fwp%2Fv2%2Ftags&post=1729"}],"curies":[{"name":"wp","href":"https:\/\/api.w.org\/{rel}","templated":true}]}}